{"id":30343,"date":"2022-08-09T09:34:54","date_gmt":"2022-08-09T14:34:54","guid":{"rendered":"https:\/\/encuentroinformativo.com.mx\/?p=30343"},"modified":"2022-08-09T09:34:57","modified_gmt":"2022-08-09T14:34:57","slug":"censura-del-twitter-en-xalapa","status":"publish","type":"post","link":"https:\/\/encuentroinformativo.com.mx\/?p=30343","title":{"rendered":"CENSURA DEL TWITTER EN XALAPA"},"content":{"rendered":"\n<p><strong>ColumnaSinNombre<br>@pablojair<\/strong><\/p>\n\n\n\n<ul class=\"wp-block-list\"><li>\u201cNo es ni candidata y ya le tienen miedo\u201d: Cuitl\u00e1huac<\/li><li>La Joven de Amajac, al Paseo de la Reforma de la CDMX.<\/li><li>Recuerdos de Cuba, pasando por Matanzas.<\/li><\/ul>\n\n\n\n<p>Pasaron ya 13 d\u00edas y los yunistas ni guau-guau dicen de Winckler<br>\u2014Chopenjawer<\/p>\n\n\n\n<p>Este fin de semana fue muy sonado el caso de un tuitero xalape\u00f1o al que le suspendieron sus cuentas donde relataba asuntos de salud p\u00fablica.<\/p>\n\n\n\n<p>A \u201cForza\u201d, como es conocido este usuario, pues de repente la red del pajarito azul le baj\u00f3 sus dos cuentas donde daba cifras cifras de contagios de covid y ahora recientemente hablaba de la viruela del mono.<\/p>\n\n\n\n<p>El asunto es que sus mensajes estaban cobrando mucha relevancia, mucho m\u00e1s que los de las propias autoridades de salud. O sea, en el mundo virtual comenz\u00f3 a tener m\u00e1s confiabilidad e influencia que el propio secretario de Salud o la dependencia que dirige.<\/p>\n\n\n\n<p>De entrada debemos decir que estamos en contra de la censura de cualquier tipo, pero tampoco podemos ser ingenuos: las redes sociales tienen sus propias reglas; son empresas que cuidan sus intereses o los que considera son de inter\u00e9s p\u00fablico.<\/p>\n\n\n\n<p>Twiter, particularmente, es de los que ha estado en las \u00faltimas semanas bajo el reflector medi\u00e1tico por la compraventa que se pensaba hacer de la red social por parte del multibillonario due\u00f1o de Tesla, Elon Musk; transacci\u00f3n que finalmente no se hizo y est\u00e1 ya a niveles de juicios mercantiles en el gabacho\u2026 Pleito de ricos, dir\u00eda mi abuelo.<\/p>\n\n\n\n<p>Tambi\u00e9n es conocida la historia del expresidente gringo Donald Trump, a quien de plano lo vetaron de Twiter por usar mensajes incendiarios y muchas veces cargados de propaganda o mentiras muy peligrosas como minimizar el covid en Estados Unidos o llamar a los grupos radicales para atacar el Capitolio al perder las elecciones para reelegirse.<\/p>\n\n\n\n<p>En el caso de \u201cForza\u201d, hay que decir que sus mensajes quiz\u00e1s comenzaron a alarmar porque ya daba a entender que la viruela del mono se estaba extendiendo en Veracruz y que se estaba ocultando, aunque sin decir de d\u00f3nde proven\u00eda la informaci\u00f3n y qu\u00e9 tan fidedigna era su fuente.<\/p>\n\n\n\n<p>Este tipo de mensajes en el entorno pol\u00edtico ya muy polarizado de M\u00e9xico, sobra decir que son material para ataques pol\u00edticos, viralizando una informaci\u00f3n no confirmada pero que s\u00ed hace mucho ruido en redes sociales. Lo anterior, no ayuda en nada a una situaci\u00f3n seria y real.<\/p>\n\n\n\n<p>Mire: es un asunto delicado porque hablamos de la libertad de expresi\u00f3n a la que todos tenemos derecho, pero tampoco esa bandera deber\u00eda usarse para alarmar o usar datos no confirmados o fidedignos en un asunto todav\u00eda m\u00e1s delicado que es lo de salud p\u00fablica.<\/p>\n\n\n\n<p>Y el caso de Twiter en particular con temas como el Covid fue muy claro: personas que desinformaran ser\u00edan expulsados de la red porque as\u00ed lo dicen sus pol\u00edticas de uso, lo que quiz\u00e1s tambi\u00e9n ser\u00eda aplicable en el caso de la viruela del mono. (Se debe tener en cuenta tambi\u00e9n que un grupo de gentes, digamos como ejemplo, empleados de ente gubernamental, en conjunto pueden denunciar y reportar una cuenta para tumbarla).<\/p>\n\n\n\n<p>Ya en Veracruz tuvimos un caso muy lamentable con aquello del agua destilada que se le dio a ni\u00f1os con c\u00e1ncer; una mentira que us\u00f3 mucho el ex gobernador Miguel \u00c1ngel Yunes Linares y sus simpatizantes para golpetear pol\u00edticamente, en aras de ganar una elecci\u00f3n a Javier Duarte, que si bien es indefendible en otros temas, le sembraron una acusaci\u00f3n falsa muy grave, alarmista, pero que al final de cuentas ya qued\u00f3 firme en el imaginario popular y sirvi\u00f3 para acrecentar el repudio al exgobernador preso en el Reclusorio Norte.<\/p>\n\n\n\n<p>Que las redes sociales son una fuente alternativa para enterarse lo que muchas veces los medios tradicionales callan, es algo relativo: es entendible la desconfianza de la gente al gobierno y tambi\u00e9n uno tiene derecho de creerle o no creerle, pero en temas serios como la salud p\u00fablica, siempre la mejor recomendaci\u00f3n es dejar de lado las simpat\u00edas o antipat\u00edas pol\u00edticas y seguir los canales oficiales para evitar la desinformaci\u00f3n.<\/p>\n\n\n\n<p>\u00bfSaben qu\u00e9? Mejor como dice mi T\u00edo Gabriel: \u201cHagan lo que quieran; ya est\u00e1n grandes\u201d.<\/p>\n\n\n\n<p><strong>NOTA PARA PEGAR EN EL REFRI: <\/strong>&#8220;Algunos ya ven la senadora veracruzana como la pr\u00f3xima gobernadora; y ni es candidata y ya la tienen miedo&#8221;, expres\u00f3 el gobernador Cuitl\u00e1huac Garc\u00eda Jim\u00e9nez, al responder sobre se\u00f1alamientos de que se hacen eventos a modo para traer a la titular de la Secretar\u00eda de Energ\u00eda, Roc\u00edo Nahle, a territorio veracruzano\u2026Sobre esto, el mandatario estatal indic\u00f3 que es la oposici\u00f3n la que est\u00e1 ponderando a Nahle como candidata a gobernadora y neg\u00f3 que participaci\u00f3n de ella en eventos sobre energ\u00eda tenga que ver con una promoci\u00f3n pol\u00edtica.<\/p>\n\n\n\n<p><strong>OTRA NOTA:<\/strong> Durante su visita a la entidad veracruzana, la jefa de Gobierno de la Ciudad de M\u00e9xico (CDMX), Claudia Sheinbaum, indic\u00f3 que recibi\u00f3 con gusto la propuesta de colocar una r\u00e9plica la escultura conocida como la Joven de Amajac, hallada en el municipio de \u00c1lamo el 1 de enero de 2021, que en breve estar\u00e1 lista para su colocaci\u00f3n\u2026 En conferencia de prensa este domingo con el gobernador Cuitl\u00e1huac Garc\u00eda Jim\u00e9nez, confirm\u00f3 que es el Instituto Nacional de Antropolog\u00eda e Historia (INAH) quien realiza la r\u00e9plica del monumento y dentro de poco se definir\u00e1 la fecha para colocarla\u2026 Detall\u00f3 que la zona donde se colocar\u00e1, que es sobre el Paseo de la Reforma, es sitio patrimonial y ante lo ocupaba el monumento a Crist\u00f3bal Col\u00f3n, por lo que la colocaci\u00f3n de la r\u00e9plica debe ser aprobada y orientada por el INAH.<\/p>\n\n\n\n<p><strong>LA \u00daLTIMA PORQUE TOCA DESVELO PARA \u201cBETTER CALL SAUL\u201d: <\/strong>En 2016, hace 6 a\u00f1os, tuvimos la oportunidad de dar el rol por Cuba con mis hermanos Alberto Morales y Rigoberto Su\u00e1rez, para estar presentes en el concierto de Los Rolling Stones. Nos toc\u00f3 hospedarnos en Varadero, la parte m\u00e1s tur\u00edstica de la isla donde se ven esas aguas turquesas t\u00edpicas del Caribe\u2026 En el camino a esa regi\u00f3n, desde La Habana (un trayecto como de dos horas y pico), justo en medio se encuentra la provincia de Matanzas, misma que es reconocible por el olor muy intenso a gases y petr\u00f3leo que se siente al pasar\u2026 La verdad uno desconoc\u00eda hasta entonces que Cuba tuviese una regi\u00f3n petrolera, pero ah\u00ed se ven las instalaciones sobre la carretera central, alrededor de la bah\u00eda, justo donde hoy se est\u00e1 dando un fuerte incendio al que ya tambi\u00e9n fueron mexicanos a apoyar\u2026 Es curioso, pero la causa fue \u2014seg\u00fan medios internacionales\u2014 la ca\u00edda de un rayo a uno de los tanques de almacenamiento, justo como ocurri\u00f3 en la Refiner\u00eda de Minatitl\u00e1n en 2006, que se convirti\u00f3 en una situaci\u00f3n muy peligrosa y tardo varios d\u00edas en controlarse y extinguirse\u2026 El reporte por la ma\u00f1ana de este lunes es que el fuerte incendio ya alcanz\u00f3 un tercer tanque petrolero, en lo que podr\u00eda ser uno de los peores desastres recientes de la isla, luego de la explosi\u00f3n en el emblem\u00e1tico hotel Saratoga, justo frente al Capitolio.<\/p>\n","protected":false},"excerpt":{"rendered":"<p>ColumnaSinNombre@pablojair \u201cNo es ni candidata y ya le tienen miedo\u201d: Cuitl\u00e1huac La Joven de Amajac, al Paseo de la Reforma de la CDMX. Recuerdos de Cuba, pasando por Matanzas. Pasaron ya 13 d\u00edas y los yunistas ni guau-guau dicen de Winckler\u2014Chopenjawer Este fin de semana fue muy sonado el caso de un tuitero xalape\u00f1o al [&hellip;]<\/p>\n","protected":false},"author":1,"featured_media":488,"comment_status":"open","ping_status":"open","sticky":false,"template":"","format":"standard","meta":{"_jetpack_memberships_contains_paid_content":false,"footnotes":""},"categories":[11],"tags":[],"class_list":["post-30343","post","type-post","status-publish","format-standard","has-post-thumbnail","hentry","category-opinion"],"jetpack_featured_media_url":"https:\/\/encuentroinformativo.com.mx\/wp-content\/uploads\/2020\/03\/F471F608-BA1A-416B-BA7B-BCFB24F4E6D0.jpeg","jetpack_sharing_enabled":true,"jetpack_likes_enabled":true,"amp_enabled":true,"_links":{"self":[{"href":"https:\/\/encuentroinformativo.com.mx\/index.php?rest_route=\/wp\/v2\/posts\/30343","targetHints":{"allow":["GET"]}}],"collection":[{"href":"https:\/\/encuentroinformativo.com.mx\/index.php?rest_route=\/wp\/v2\/posts"}],"about":[{"href":"https:\/\/encuentroinformativo.com.mx\/index.php?rest_route=\/wp\/v2\/types\/post"}],"author":[{"embeddable":true,"href":"https:\/\/encuentroinformativo.com.mx\/index.php?rest_route=\/wp\/v2\/users\/1"}],"replies":[{"embeddable":true,"href":"https:\/\/encuentroinformativo.com.mx\/index.php?rest_route=%2Fwp%2Fv2%2Fcomments&post=30343"}],"version-history":[{"count":1,"href":"https:\/\/encuentroinformativo.com.mx\/index.php?rest_route=\/wp\/v2\/posts\/30343\/revisions"}],"predecessor-version":[{"id":30344,"href":"https:\/\/encuentroinformativo.com.mx\/index.php?rest_route=\/wp\/v2\/posts\/30343\/revisions\/30344"}],"wp:featuredmedia":[{"embeddable":true,"href":"https:\/\/encuentroinformativo.com.mx\/index.php?rest_route=\/wp\/v2\/media\/488"}],"wp:attachment":[{"href":"https:\/\/encuentroinformativo.com.mx\/index.php?rest_route=%2Fwp%2Fv2%2Fmedia&parent=30343"}],"wp:term":[{"taxonomy":"category","embeddable":true,"href":"https:\/\/encuentroinformativo.com.mx\/index.php?rest_route=%2Fwp%2Fv2%2Fcategories&post=30343"},{"taxonomy":"post_tag","embeddable":true,"href":"https:\/\/encuentroinformativo.com.mx\/index.php?rest_route=%2Fwp%2Fv2%2Ftags&post=30343"}],"curies":[{"name":"wp","href":"https:\/\/api.w.org\/{rel}","templated":true}]}}