{"id":30350,"date":"2022-08-09T12:44:56","date_gmt":"2022-08-09T17:44:56","guid":{"rendered":"https:\/\/encuentroinformativo.com.mx\/?p=30350"},"modified":"2022-08-09T12:45:00","modified_gmt":"2022-08-09T17:45:00","slug":"denuncian-presunto-abuso-policial-contra-tres-jovenes","status":"publish","type":"post","link":"https:\/\/encuentroinformativo.com.mx\/?p=30350","title":{"rendered":"Denuncian presunto abuso policial contra tres j\u00f3venes"},"content":{"rendered":"\n<p><strong>Juan Arcos<\/strong><\/p>\n\n\n\n<p>Xalapa, Ver.- Vecinos del fraccionamiento El Tejar, de esta ciudad de Xalapa, denunciaron que tres j\u00f3venes que habitan en la zona fueron v\u00edctimas de un abuso policial la noche del pasado domingo 7 de agosto.<\/p>\n\n\n\n<p>Los pobladores captaron en video los hechos sobre la calle Joaqu\u00edn Mu\u00f1oz, con la c\u00e1mara de sus tel\u00e9fonos celulares, donde se observa que elementos de la Polic\u00eda Estatal, adscritos a la Secretar\u00eda de Seguridad P\u00fablica (SSP), se excedieron en el uso de la fuerza para detenerlos, sin motivo aparente.<\/p>\n\n\n\n<p>Las tres personas viajaban en una camioneta blanca y fueron detenidas, golpeadas y subidas a la fuerza a dos patrullas de la Polic\u00eda Estatal.<\/p>\n\n\n\n<p>En las im\u00e1genes aparecen tres veh\u00edculos oficiales, dos de estos con el n\u00famero 20-3258 y SP-3251 y una tercera que no se alcanza a distinguir el n\u00famero de control interno de la dependencia estatal.<\/p>\n\n\n\n<p>El video fue compartido de manera an\u00f3nima por temor a represalias y exhibe el momento en que los servidores p\u00fablicos golpean, jalonean del cabello y agreden con toletes el\u00e9ctricos a dos varones y una mujer.<\/p>\n\n\n\n<p>\u201cNosotros grabamos todo, desde que detuvieron a los chavos y ellos no los agredieron, ni siquiera les hicieron la prueba del alcohol\u00edmetro. As\u00ed deber\u00edan venir cuando reportamos gente distribuyendo droga\u201d, gritan los vecinos mientras la joven es jaloneada del cabello para subirla a una de las patrullas.<\/p>\n\n\n\n<p>En la cinta se escuchan los reclamos de varios vecinos para que los polic\u00edas cesen la agresi\u00f3n, principalmente contra la mujer.<\/p>\n\n\n\n<p>\u201cOigan, no le peguen a la chava. Qu\u00e9 pena dan ustedes que est\u00e1n para defender a la ciudadan\u00eda. Es una injusticia\u201d, exclama la gente a los oficiales.<\/p>\n\n\n\n<p>Los polic\u00edas estatales alumbraron varias veces a los vecinos que fueron testigos de este abuso policial, para intentar identificarlos.<\/p>\n\n\n\n<p>Los pobladores exigieron al titular de la SSP, Hugo Gutierrez Maldonado, que se investigue el caso y que sean aplicadas sanciones contra los elementos que incurrieron en dicha agresi\u00f3n.<\/p>\n\n\n\n<p>Adem\u00e1s, responsabilizan a la corporaci\u00f3n estatal en caso de cualquier represalia en su contra tras la denuncia an\u00f3nima de estos hechos.<\/p>\n","protected":false},"excerpt":{"rendered":"<p>Juan Arcos Xalapa, Ver.- Vecinos del fraccionamiento El Tejar, de esta ciudad de Xalapa, denunciaron que tres j\u00f3venes que habitan en la zona fueron v\u00edctimas de un abuso policial la noche del pasado domingo 7 de agosto. Los pobladores captaron en video los hechos sobre la calle Joaqu\u00edn Mu\u00f1oz, con la c\u00e1mara de sus tel\u00e9fonos [&hellip;]<\/p>\n","protected":false},"author":1,"featured_media":30351,"comment_status":"open","ping_status":"open","sticky":false,"template":"","format":"standard","meta":{"_jetpack_memberships_contains_paid_content":false,"footnotes":""},"categories":[14],"tags":[],"class_list":["post-30350","post","type-post","status-publish","format-standard","has-post-thumbnail","hentry","category-policiaca"],"jetpack_featured_media_url":"https:\/\/encuentroinformativo.com.mx\/wp-content\/uploads\/2022\/08\/E59C789C-45F6-46C7-A154-A1E7370E747C.png","jetpack_sharing_enabled":true,"jetpack_likes_enabled":true,"amp_enabled":true,"_links":{"self":[{"href":"https:\/\/encuentroinformativo.com.mx\/index.php?rest_route=\/wp\/v2\/posts\/30350","targetHints":{"allow":["GET"]}}],"collection":[{"href":"https:\/\/encuentroinformativo.com.mx\/index.php?rest_route=\/wp\/v2\/posts"}],"about":[{"href":"https:\/\/encuentroinformativo.com.mx\/index.php?rest_route=\/wp\/v2\/types\/post"}],"author":[{"embeddable":true,"href":"https:\/\/encuentroinformativo.com.mx\/index.php?rest_route=\/wp\/v2\/users\/1"}],"replies":[{"embeddable":true,"href":"https:\/\/encuentroinformativo.com.mx\/index.php?rest_route=%2Fwp%2Fv2%2Fcomments&post=30350"}],"version-history":[{"count":1,"href":"https:\/\/encuentroinformativo.com.mx\/index.php?rest_route=\/wp\/v2\/posts\/30350\/revisions"}],"predecessor-version":[{"id":30352,"href":"https:\/\/encuentroinformativo.com.mx\/index.php?rest_route=\/wp\/v2\/posts\/30350\/revisions\/30352"}],"wp:featuredmedia":[{"embeddable":true,"href":"https:\/\/encuentroinformativo.com.mx\/index.php?rest_route=\/wp\/v2\/media\/30351"}],"wp:attachment":[{"href":"https:\/\/encuentroinformativo.com.mx\/index.php?rest_route=%2Fwp%2Fv2%2Fmedia&parent=30350"}],"wp:term":[{"taxonomy":"category","embeddable":true,"href":"https:\/\/encuentroinformativo.com.mx\/index.php?rest_route=%2Fwp%2Fv2%2Fcategories&post=30350"},{"taxonomy":"post_tag","embeddable":true,"href":"https:\/\/encuentroinformativo.com.mx\/index.php?rest_route=%2Fwp%2Fv2%2Ftags&post=30350"}],"curies":[{"name":"wp","href":"https:\/\/api.w.org\/{rel}","templated":true}]}}