{"id":30353,"date":"2022-08-09T12:51:25","date_gmt":"2022-08-09T17:51:25","guid":{"rendered":"https:\/\/encuentroinformativo.com.mx\/?p=30353"},"modified":"2022-08-09T12:51:28","modified_gmt":"2022-08-09T17:51:28","slug":"rescatan-a-doky-en-medellin-tras-ser-abandonado-por-su-duena","status":"publish","type":"post","link":"https:\/\/encuentroinformativo.com.mx\/?p=30353","title":{"rendered":"Rescatan a &#8220;Doky&#8221; en Medell\u00edn, tras ser abandonado por su due\u00f1a"},"content":{"rendered":"\n<p><strong>Alejandro \u00c1vila<\/strong><\/p>\n\n\n\n<p>Medell\u00edn de Bravo, Ver.- La direcci\u00f3n de Ecolog\u00eda y Medio Ambiente, as\u00ed como la de Alumbrado P\u00fablico del municipio de Medell\u00edn de Bravo, rescataron a la perrita &#8220;Doky&#8221;, para quien solicitaron ayuda a trav\u00e9s de las redes sociales.<\/p>\n\n\n\n<p>Vecinos de circuito Rub\u00ed Sur en el fraccionamiento Lagos de Puente Moreno, solicitaron a trav\u00e9s de redes sociales, la ayuda para rescatar a una perrita French Poodle, que se encontraba olvidada desde hace d\u00edas en un &#8220;ojo de patio&#8221;.<\/p>\n\n\n\n<p>Fue la regidora, Karina del Carmen Arroniz Palavicini, qui\u00e9n dio aviso al personal del Ayuntamiento para que se trasladar\u00e1n con una gr\u00faa a rescatar al canino, el cual horas m\u00e1s tarde, fue reportado sano y salvo.<\/p>\n\n\n\n<p>La due\u00f1a fue localizada la noche de este lunes, y confirm\u00f3 que dej\u00f3 a su mascota en el &#8220;ojo de patio&#8221;, solo que bajo el resguardo de una vecina, la cual, aparentemente, nunca hizo caso de la perrita.<\/p>\n\n\n\n<p>Finalmente \u201cDoky\u201d fue sacado del ojo de patio y puesto bajo el resguardo temporal de la se\u00f1ora Blanca Gloria Guevara Fern\u00e1ndez, quien lo canaliz\u00f3 para su revisi\u00f3n a una veterinaria, report\u00e1ndose estable su estado salud.<\/p>\n\n\n\n<p>El alcalde Marcos Isle\u00f1o Andrade se pronunci\u00f3 al respecto en sus redes sociales: \u201cLas cosas buenas se cuentan poco, pero cuentan mucho\u201d; y resalt\u00f3 que, cualquier denuncia o apoyo animal, deben comunicarse al 229 291 9790 con Antonio Pesta\u00f1a, jefe del \u00e1rea.<\/p>\n\n\n\n<figure class=\"wp-block-image size-large\"><img loading=\"lazy\" decoding=\"async\" width=\"576\" height=\"1024\" src=\"https:\/\/encuentroinformativo.com.mx\/wp-content\/uploads\/2022\/08\/0E5E4432-45C6-489C-9C88-5C561C10E081-576x1024.jpeg\" alt=\"\" class=\"wp-image-30355\" srcset=\"https:\/\/encuentroinformativo.com.mx\/wp-content\/uploads\/2022\/08\/0E5E4432-45C6-489C-9C88-5C561C10E081-576x1024.jpeg 576w, https:\/\/encuentroinformativo.com.mx\/wp-content\/uploads\/2022\/08\/0E5E4432-45C6-489C-9C88-5C561C10E081-169x300.jpeg 169w, https:\/\/encuentroinformativo.com.mx\/wp-content\/uploads\/2022\/08\/0E5E4432-45C6-489C-9C88-5C561C10E081.jpeg 720w\" sizes=\"auto, (max-width: 576px) 100vw, 576px\" \/><\/figure>\n","protected":false},"excerpt":{"rendered":"<p>Alejandro \u00c1vila Medell\u00edn de Bravo, Ver.- La direcci\u00f3n de Ecolog\u00eda y Medio Ambiente, as\u00ed como la de Alumbrado P\u00fablico del municipio de Medell\u00edn de Bravo, rescataron a la perrita &#8220;Doky&#8221;, para quien solicitaron ayuda a trav\u00e9s de las redes sociales. Vecinos de circuito Rub\u00ed Sur en el fraccionamiento Lagos de Puente Moreno, solicitaron a trav\u00e9s [&hellip;]<\/p>\n","protected":false},"author":1,"featured_media":30354,"comment_status":"open","ping_status":"open","sticky":false,"template":"","format":"standard","meta":{"_jetpack_memberships_contains_paid_content":false,"footnotes":""},"categories":[2],"tags":[],"class_list":["post-30353","post","type-post","status-publish","format-standard","has-post-thumbnail","hentry","category-estado"],"jetpack_featured_media_url":"https:\/\/encuentroinformativo.com.mx\/wp-content\/uploads\/2022\/08\/5BF024E3-BB56-42E7-A0FA-6243C3191C39.jpeg","jetpack_sharing_enabled":true,"jetpack_likes_enabled":true,"amp_enabled":true,"_links":{"self":[{"href":"https:\/\/encuentroinformativo.com.mx\/index.php?rest_route=\/wp\/v2\/posts\/30353","targetHints":{"allow":["GET"]}}],"collection":[{"href":"https:\/\/encuentroinformativo.com.mx\/index.php?rest_route=\/wp\/v2\/posts"}],"about":[{"href":"https:\/\/encuentroinformativo.com.mx\/index.php?rest_route=\/wp\/v2\/types\/post"}],"author":[{"embeddable":true,"href":"https:\/\/encuentroinformativo.com.mx\/index.php?rest_route=\/wp\/v2\/users\/1"}],"replies":[{"embeddable":true,"href":"https:\/\/encuentroinformativo.com.mx\/index.php?rest_route=%2Fwp%2Fv2%2Fcomments&post=30353"}],"version-history":[{"count":1,"href":"https:\/\/encuentroinformativo.com.mx\/index.php?rest_route=\/wp\/v2\/posts\/30353\/revisions"}],"predecessor-version":[{"id":30356,"href":"https:\/\/encuentroinformativo.com.mx\/index.php?rest_route=\/wp\/v2\/posts\/30353\/revisions\/30356"}],"wp:featuredmedia":[{"embeddable":true,"href":"https:\/\/encuentroinformativo.com.mx\/index.php?rest_route=\/wp\/v2\/media\/30354"}],"wp:attachment":[{"href":"https:\/\/encuentroinformativo.com.mx\/index.php?rest_route=%2Fwp%2Fv2%2Fmedia&parent=30353"}],"wp:term":[{"taxonomy":"category","embeddable":true,"href":"https:\/\/encuentroinformativo.com.mx\/index.php?rest_route=%2Fwp%2Fv2%2Fcategories&post=30353"},{"taxonomy":"post_tag","embeddable":true,"href":"https:\/\/encuentroinformativo.com.mx\/index.php?rest_route=%2Fwp%2Fv2%2Ftags&post=30353"}],"curies":[{"name":"wp","href":"https:\/\/api.w.org\/{rel}","templated":true}]}}