{"id":30357,"date":"2022-08-09T13:34:54","date_gmt":"2022-08-09T18:34:54","guid":{"rendered":"https:\/\/encuentroinformativo.com.mx\/?p=30357"},"modified":"2022-08-09T13:34:59","modified_gmt":"2022-08-09T18:34:59","slug":"veracruz-no-cuenta-con-registro-real-de-personas-con-discapacidad","status":"publish","type":"post","link":"https:\/\/encuentroinformativo.com.mx\/?p=30357","title":{"rendered":"Veracruz no cuenta con registro real de personas con discapacidad"},"content":{"rendered":"\n<p><strong>Alejandro \u00c1vila<\/strong><\/p>\n\n\n\n<p>Veracruz, Ver.- A la fecha, el Estado de Veracruz es uno de los pocos que no cuenta con un registro real de personas con discapacidad; sin embargo, se calcula que hay m\u00e1s de 50 mil, sin contar a las personas con autismo.<\/p>\n\n\n\n<p>Ante esta situaci\u00f3n, la pr\u00f3xima semana el diputado local, Jaime de la Garza Mart\u00ednez, presentar\u00e1 en compa\u00f1\u00eda de Asociaciones Civiles de todo el Estado, la propuesta para la creaci\u00f3n del Instituto Veracruzano para Personas con Discapacidad.<\/p>\n\n\n\n<p>&#8220;La variedad de personas con esas condiciones es infinita, no hay un censo en el Estado que te diga realmente cu\u00e1ntas personas son, pero se calcula que son m\u00e1s de 50 mil en todo lo largo y ancho del Estado, sin contar a las personas que tienen autismo o alguna otra condici\u00f3n. Entonces, s\u00ed es importante este Instituto, para que de una forma m\u00e1s congruente, se hagan las pol\u00edticas p\u00fablicas a favor de las personas&#8221;, apunt\u00f3.<\/p>\n\n\n\n<p>El panista asegur\u00f3 que, en el Gobierno de Veracruz, existe el dinero para dotar a este Instituto de recursos, lo m\u00e1s importante es que quede concretado en este a\u00f1o, para que a partir de 2023 le sea otorgado presupuesto.<\/p>\n\n\n\n<p>&#8220;El 5 de noviembre (se presenta en el Congreso de Veracruz), pero estamos trabajando en conjunto con las organizaciones desde hace 6 meses, estamos afinando los \u00faltimos detalles y la pr\u00f3xima semana es la presentaci\u00f3n de esta iniciativa, en conjunto con las organizaciones&#8221;, agreg\u00f3.<\/p>\n","protected":false},"excerpt":{"rendered":"<p>Alejandro \u00c1vila Veracruz, Ver.- A la fecha, el Estado de Veracruz es uno de los pocos que no cuenta con un registro real de personas con discapacidad; sin embargo, se calcula que hay m\u00e1s de 50 mil, sin contar a las personas con autismo. Ante esta situaci\u00f3n, la pr\u00f3xima semana el diputado local, Jaime de [&hellip;]<\/p>\n","protected":false},"author":1,"featured_media":30358,"comment_status":"open","ping_status":"open","sticky":false,"template":"","format":"standard","meta":{"_jetpack_memberships_contains_paid_content":false,"footnotes":""},"categories":[2],"tags":[],"class_list":["post-30357","post","type-post","status-publish","format-standard","has-post-thumbnail","hentry","category-estado"],"jetpack_featured_media_url":"https:\/\/encuentroinformativo.com.mx\/wp-content\/uploads\/2022\/08\/37E7A36A-AD7D-410F-BB89-A7355431AE36.jpeg","jetpack_sharing_enabled":true,"jetpack_likes_enabled":true,"amp_enabled":true,"_links":{"self":[{"href":"https:\/\/encuentroinformativo.com.mx\/index.php?rest_route=\/wp\/v2\/posts\/30357","targetHints":{"allow":["GET"]}}],"collection":[{"href":"https:\/\/encuentroinformativo.com.mx\/index.php?rest_route=\/wp\/v2\/posts"}],"about":[{"href":"https:\/\/encuentroinformativo.com.mx\/index.php?rest_route=\/wp\/v2\/types\/post"}],"author":[{"embeddable":true,"href":"https:\/\/encuentroinformativo.com.mx\/index.php?rest_route=\/wp\/v2\/users\/1"}],"replies":[{"embeddable":true,"href":"https:\/\/encuentroinformativo.com.mx\/index.php?rest_route=%2Fwp%2Fv2%2Fcomments&post=30357"}],"version-history":[{"count":1,"href":"https:\/\/encuentroinformativo.com.mx\/index.php?rest_route=\/wp\/v2\/posts\/30357\/revisions"}],"predecessor-version":[{"id":30359,"href":"https:\/\/encuentroinformativo.com.mx\/index.php?rest_route=\/wp\/v2\/posts\/30357\/revisions\/30359"}],"wp:featuredmedia":[{"embeddable":true,"href":"https:\/\/encuentroinformativo.com.mx\/index.php?rest_route=\/wp\/v2\/media\/30358"}],"wp:attachment":[{"href":"https:\/\/encuentroinformativo.com.mx\/index.php?rest_route=%2Fwp%2Fv2%2Fmedia&parent=30357"}],"wp:term":[{"taxonomy":"category","embeddable":true,"href":"https:\/\/encuentroinformativo.com.mx\/index.php?rest_route=%2Fwp%2Fv2%2Fcategories&post=30357"},{"taxonomy":"post_tag","embeddable":true,"href":"https:\/\/encuentroinformativo.com.mx\/index.php?rest_route=%2Fwp%2Fv2%2Ftags&post=30357"}],"curies":[{"name":"wp","href":"https:\/\/api.w.org\/{rel}","templated":true}]}}