{"id":30360,"date":"2022-08-09T13:44:44","date_gmt":"2022-08-09T18:44:44","guid":{"rendered":"https:\/\/encuentroinformativo.com.mx\/?p=30360"},"modified":"2022-08-09T13:44:48","modified_gmt":"2022-08-09T18:44:48","slug":"pan-promovera-accion-de-inconstitucionalidad-sobre-acuerdo-gn-sedena","status":"publish","type":"post","link":"https:\/\/encuentroinformativo.com.mx\/?p=30360","title":{"rendered":"PAN promover\u00e1 acci\u00f3n de inconstitucionalidad sobre acuerdo GN &#8211; SEDENA"},"content":{"rendered":"\n<p><strong>Alejandro \u00c1vila<\/strong><\/p>\n\n\n\n<p>Veracruz, Ver.- La Senadora, Indira Rosales San Rom\u00e1n mencion\u00f3 que, en caso de concretarse el acuerdo promovido por el Presidente de la Rep\u00fablica, sobre que la Guardia Nacional qued\u00e9 bajo la responsabilidad de la Secretar\u00eda de la Defensa Nacional (SEDENA), el Partido Acci\u00f3n Nacional (PAN), promover\u00e1 un recurso de inconstitucionalidad ante la Suprema Corte de Justicia.<\/p>\n\n\n\n<p>La panista aclar\u00f3 que, el art\u00edculo 21 Constitucional se\u00f1ala claramente qu\u00e9, la Guardia Nacional es civil, y corresponde su mando a la Secretar\u00eda de Seguridad P\u00fablica; apesar, se\u00f1al\u00f3, de que en los hechos, desde hace tiempo ya la opera la Secretar\u00eda de la Defensa Nacional (SEDENA).<\/p>\n\n\n\n<p>&#8220;El problema es que la estrategia de seguridad no ha sido clara durante este gobierno, y aunque por supuesto, yo repito, la Marina y el Ej\u00e9rcito han hecho un gran trabajo, sin embargo, no es su funci\u00f3n principal. La funci\u00f3n principal de la Marina y el Ej\u00e9rcito es la seguridad nacional, lo que nosotros necesitamos es seguir generando un cuerpo, una Guardia que sea 100 por ciento civil y sobre todo que tenga presupuesto, esto no se arregla \u00fanicamente cambiandolo de Seguridad P\u00fablica a la Secretar\u00eda de la Defensa Nacional, lo que necesitamos es tener un cuerpo policiaco civil, que se encuentre capacitado, pero que sobre todo tenga presupuesto&#8221;, subray\u00f3.<\/p>\n\n\n\n<p>La veracruzana dijo que, si realmente existe un inter\u00e9s del Presidente de la Rep\u00fablica en mejorar la Guardia Nacional, le deber\u00eda de doblar el presupuesto para el ejercicio 2023.<\/p>\n\n\n\n<p>La panista dijo que, el Ejecutivo Nacional sabe que no cuenta con los votos suficientes para hacer la Reforma Constitucional, por tal motivo est\u00e1 tratando de generar un acuerdo, pero este violenta la ley.<\/p>\n","protected":false},"excerpt":{"rendered":"<p>Alejandro \u00c1vila Veracruz, Ver.- La Senadora, Indira Rosales San Rom\u00e1n mencion\u00f3 que, en caso de concretarse el acuerdo promovido por el Presidente de la Rep\u00fablica, sobre que la Guardia Nacional qued\u00e9 bajo la responsabilidad de la Secretar\u00eda de la Defensa Nacional (SEDENA), el Partido Acci\u00f3n Nacional (PAN), promover\u00e1 un recurso de inconstitucionalidad ante la Suprema [&hellip;]<\/p>\n","protected":false},"author":1,"featured_media":30361,"comment_status":"open","ping_status":"open","sticky":false,"template":"","format":"standard","meta":{"_jetpack_memberships_contains_paid_content":false,"footnotes":""},"categories":[2],"tags":[],"class_list":["post-30360","post","type-post","status-publish","format-standard","has-post-thumbnail","hentry","category-estado"],"jetpack_featured_media_url":"https:\/\/encuentroinformativo.com.mx\/wp-content\/uploads\/2022\/08\/999AC7CF-150E-4A88-8AC6-AB4DB7B8EEBC.jpeg","jetpack_sharing_enabled":true,"jetpack_likes_enabled":true,"amp_enabled":true,"_links":{"self":[{"href":"https:\/\/encuentroinformativo.com.mx\/index.php?rest_route=\/wp\/v2\/posts\/30360","targetHints":{"allow":["GET"]}}],"collection":[{"href":"https:\/\/encuentroinformativo.com.mx\/index.php?rest_route=\/wp\/v2\/posts"}],"about":[{"href":"https:\/\/encuentroinformativo.com.mx\/index.php?rest_route=\/wp\/v2\/types\/post"}],"author":[{"embeddable":true,"href":"https:\/\/encuentroinformativo.com.mx\/index.php?rest_route=\/wp\/v2\/users\/1"}],"replies":[{"embeddable":true,"href":"https:\/\/encuentroinformativo.com.mx\/index.php?rest_route=%2Fwp%2Fv2%2Fcomments&post=30360"}],"version-history":[{"count":1,"href":"https:\/\/encuentroinformativo.com.mx\/index.php?rest_route=\/wp\/v2\/posts\/30360\/revisions"}],"predecessor-version":[{"id":30362,"href":"https:\/\/encuentroinformativo.com.mx\/index.php?rest_route=\/wp\/v2\/posts\/30360\/revisions\/30362"}],"wp:featuredmedia":[{"embeddable":true,"href":"https:\/\/encuentroinformativo.com.mx\/index.php?rest_route=\/wp\/v2\/media\/30361"}],"wp:attachment":[{"href":"https:\/\/encuentroinformativo.com.mx\/index.php?rest_route=%2Fwp%2Fv2%2Fmedia&parent=30360"}],"wp:term":[{"taxonomy":"category","embeddable":true,"href":"https:\/\/encuentroinformativo.com.mx\/index.php?rest_route=%2Fwp%2Fv2%2Fcategories&post=30360"},{"taxonomy":"post_tag","embeddable":true,"href":"https:\/\/encuentroinformativo.com.mx\/index.php?rest_route=%2Fwp%2Fv2%2Ftags&post=30360"}],"curies":[{"name":"wp","href":"https:\/\/api.w.org\/{rel}","templated":true}]}}