{"id":30363,"date":"2022-08-09T14:31:59","date_gmt":"2022-08-09T19:31:59","guid":{"rendered":"https:\/\/encuentroinformativo.com.mx\/?p=30363"},"modified":"2022-08-09T14:32:03","modified_gmt":"2022-08-09T19:32:03","slug":"planta-de-tratamiento-en-jalcomulco-sigue-clausurada-alcalde","status":"publish","type":"post","link":"https:\/\/encuentroinformativo.com.mx\/?p=30363","title":{"rendered":"Planta de tratamiento en Jalcomulco, sigue clausurada: Alcalde"},"content":{"rendered":"\n<p><strong>Juan Arcos<\/strong><\/p>\n\n\n\n<p>Jalcomulco, Ver.- El municipio de Jalcomulco carece del servicio de tratamiento de aguas residuales, debido a que la \u00fanica planta del sitio fue clausurada en la pasada administraci\u00f3n por la Procuradur\u00eda Estatal de Medio Ambiente (PMA).<\/p>\n\n\n\n<p>De acuerdo con el alcalde de Jalcomulco, David Meza Hern\u00e1ndez, la planta de tratamiento no cumpl\u00eda la funci\u00f3n que deb\u00eda y, por ello, se mantiene inoperante.<\/p>\n\n\n\n<p>\u201cNosotros recibimos una planta de tratamiento la cual est\u00e1 clausurada, PMA clausur\u00f3 esa \u00e1rea y estamos en tr\u00e1mites nosotros para empezar a trabajar ah\u00ed. Fue desde la administraci\u00f3n pasada que est\u00e1 clausurada\u201d, indic\u00f3.<\/p>\n\n\n\n<p>El edil indic\u00f3 que para la operaci\u00f3n de la planta se requiere una fuerte inversi\u00f3n econ\u00f3mica, lo que no ha sido posible hasta este momento.<\/p>\n\n\n\n<p>\u201cMucho recurso hay que invertirle porque hasta donde yo estoy enterado est\u00e1 al 60 por ciento operando, no est\u00e1 al 100, nunca ha operado al 100 por ciento, pero vamos a poner empe\u00f1o en ese punto tan importante\u201d.<\/p>\n\n\n\n<p>El Presidente Municipal dijo desconocer el monto total que ser\u00eda necesario para la reactivaci\u00f3n de la planta de tratamiento en Jalcomulco.<\/p>\n\n\n\n<p>\u201cNo hemos tenido la oportunidad de adentrarnos a ella para ver qu\u00e9 es lo que hace falta y hasta qu\u00e9 punto ha funcionado\u201d, refiri\u00f3 Meza Hern\u00e1ndez.<\/p>\n\n\n\n<p>La planta de tratamiento fue clausurada el pasado 2 de diciembre, pues los pobladores hab\u00edan denunciado que no funcionaba debidamente y contaminaba los afluentes.<\/p>\n\n\n\n<p>Jalcomulco se encuentra a poco m\u00e1s de 40 kil\u00f3metros de la ciudad de Xalapa, en la regi\u00f3n capital del estado de Veracruz. Se trata de un importante sitio ecotur\u00edstico en la zona.<\/p>\n","protected":false},"excerpt":{"rendered":"<p>Juan Arcos Jalcomulco, Ver.- El municipio de Jalcomulco carece del servicio de tratamiento de aguas residuales, debido a que la \u00fanica planta del sitio fue clausurada en la pasada administraci\u00f3n por la Procuradur\u00eda Estatal de Medio Ambiente (PMA). De acuerdo con el alcalde de Jalcomulco, David Meza Hern\u00e1ndez, la planta de tratamiento no cumpl\u00eda la [&hellip;]<\/p>\n","protected":false},"author":1,"featured_media":30364,"comment_status":"open","ping_status":"open","sticky":false,"template":"","format":"standard","meta":{"_jetpack_memberships_contains_paid_content":false,"footnotes":""},"categories":[8],"tags":[],"class_list":["post-30363","post","type-post","status-publish","format-standard","has-post-thumbnail","hentry","category-region"],"jetpack_featured_media_url":"https:\/\/encuentroinformativo.com.mx\/wp-content\/uploads\/2022\/08\/83357251-65F8-4A65-938B-CA4676003BB9.jpeg","jetpack_sharing_enabled":true,"jetpack_likes_enabled":true,"amp_enabled":true,"_links":{"self":[{"href":"https:\/\/encuentroinformativo.com.mx\/index.php?rest_route=\/wp\/v2\/posts\/30363","targetHints":{"allow":["GET"]}}],"collection":[{"href":"https:\/\/encuentroinformativo.com.mx\/index.php?rest_route=\/wp\/v2\/posts"}],"about":[{"href":"https:\/\/encuentroinformativo.com.mx\/index.php?rest_route=\/wp\/v2\/types\/post"}],"author":[{"embeddable":true,"href":"https:\/\/encuentroinformativo.com.mx\/index.php?rest_route=\/wp\/v2\/users\/1"}],"replies":[{"embeddable":true,"href":"https:\/\/encuentroinformativo.com.mx\/index.php?rest_route=%2Fwp%2Fv2%2Fcomments&post=30363"}],"version-history":[{"count":1,"href":"https:\/\/encuentroinformativo.com.mx\/index.php?rest_route=\/wp\/v2\/posts\/30363\/revisions"}],"predecessor-version":[{"id":30365,"href":"https:\/\/encuentroinformativo.com.mx\/index.php?rest_route=\/wp\/v2\/posts\/30363\/revisions\/30365"}],"wp:featuredmedia":[{"embeddable":true,"href":"https:\/\/encuentroinformativo.com.mx\/index.php?rest_route=\/wp\/v2\/media\/30364"}],"wp:attachment":[{"href":"https:\/\/encuentroinformativo.com.mx\/index.php?rest_route=%2Fwp%2Fv2%2Fmedia&parent=30363"}],"wp:term":[{"taxonomy":"category","embeddable":true,"href":"https:\/\/encuentroinformativo.com.mx\/index.php?rest_route=%2Fwp%2Fv2%2Fcategories&post=30363"},{"taxonomy":"post_tag","embeddable":true,"href":"https:\/\/encuentroinformativo.com.mx\/index.php?rest_route=%2Fwp%2Fv2%2Ftags&post=30363"}],"curies":[{"name":"wp","href":"https:\/\/api.w.org\/{rel}","templated":true}]}}