{"id":30374,"date":"2022-08-09T15:19:22","date_gmt":"2022-08-09T20:19:22","guid":{"rendered":"https:\/\/encuentroinformativo.com.mx\/?p=30374"},"modified":"2022-08-09T15:19:26","modified_gmt":"2022-08-09T20:19:26","slug":"boca-del-rio-anuncia-obras-en-colonias-vulnerables","status":"publish","type":"post","link":"https:\/\/encuentroinformativo.com.mx\/?p=30374","title":{"rendered":"Boca del R\u00edo anuncia obras en colonias vulnerables"},"content":{"rendered":"\n<p><strong>Alejandro \u00c1vila<\/strong><\/p>\n\n\n\n<p>Boca del R\u00edo, Ver.- El alcalde, Juan Manuel Unanue Abascal anunci\u00f3 que, durante las pr\u00f3ximas cuatro semanas realizar\u00e1 banderazo de inicio de obra en las colonias m\u00e1s populares del municipio, resaltando las que se har\u00e1n en la colonia Carranza y Ampliaci\u00f3n Miguel Alem\u00e1n.<\/p>\n\n\n\n<p>&#8220;Vienen obras muy importantes, precisamente para la Ampliaci\u00f3n Miguel Alem\u00e1n, para la colonia Carranza, habr\u00e1 construcci\u00f3n de tres avenidas muy importantes en concreto hidr\u00e1ulico en esta zona, con drenaje, tendremos tambi\u00e9n la construcci\u00f3n en concreto hidr\u00e1ulico de una avenida de las m\u00e1s importantes de la zona tur\u00edstica, tenemos varias repavimentaci\u00f3n en asfalto, estamos dando inicio a muchas obras, que obviamente van a ser ben\u00e9ficas para toda la ciudadan\u00eda&#8221;, resalt\u00f3.<\/p>\n\n\n\n<p>De la misma manera, el edil panista remarc\u00f3 que, contin\u00faa el intenso programa de bacheo en la ciudad, para mejorar la vialidad en todo el municipio.<\/p>\n\n\n\n<p>&#8220;Estamos atendiendo todas las zonas, les pedimos paciencia a los ciudadanos de las diferentes colonias y fraccionamientos, que llegaremos a todas qu\u00e9 manera gradual&#8221;, asest\u00f3.<\/p>\n\n\n\n<p>Este martes se dio el banderazo de inicio de obra del Parque Naval, ubicado en la colonia Ampliaci\u00f3n Miguel Alem\u00e1n, detr\u00e1s de la Comandancia de la Polic\u00eda Naval.<\/p>\n","protected":false},"excerpt":{"rendered":"<p>Alejandro \u00c1vila Boca del R\u00edo, Ver.- El alcalde, Juan Manuel Unanue Abascal anunci\u00f3 que, durante las pr\u00f3ximas cuatro semanas realizar\u00e1 banderazo de inicio de obra en las colonias m\u00e1s populares del municipio, resaltando las que se har\u00e1n en la colonia Carranza y Ampliaci\u00f3n Miguel Alem\u00e1n. &#8220;Vienen obras muy importantes, precisamente para la Ampliaci\u00f3n Miguel Alem\u00e1n, [&hellip;]<\/p>\n","protected":false},"author":1,"featured_media":30375,"comment_status":"open","ping_status":"open","sticky":false,"template":"","format":"standard","meta":{"_jetpack_memberships_contains_paid_content":false,"footnotes":""},"categories":[2],"tags":[],"class_list":["post-30374","post","type-post","status-publish","format-standard","has-post-thumbnail","hentry","category-estado"],"jetpack_featured_media_url":"https:\/\/encuentroinformativo.com.mx\/wp-content\/uploads\/2022\/08\/CC6C4091-7D30-4DE0-83CF-F218EB5929FE.jpeg","jetpack_sharing_enabled":true,"jetpack_likes_enabled":true,"amp_enabled":true,"_links":{"self":[{"href":"https:\/\/encuentroinformativo.com.mx\/index.php?rest_route=\/wp\/v2\/posts\/30374","targetHints":{"allow":["GET"]}}],"collection":[{"href":"https:\/\/encuentroinformativo.com.mx\/index.php?rest_route=\/wp\/v2\/posts"}],"about":[{"href":"https:\/\/encuentroinformativo.com.mx\/index.php?rest_route=\/wp\/v2\/types\/post"}],"author":[{"embeddable":true,"href":"https:\/\/encuentroinformativo.com.mx\/index.php?rest_route=\/wp\/v2\/users\/1"}],"replies":[{"embeddable":true,"href":"https:\/\/encuentroinformativo.com.mx\/index.php?rest_route=%2Fwp%2Fv2%2Fcomments&post=30374"}],"version-history":[{"count":1,"href":"https:\/\/encuentroinformativo.com.mx\/index.php?rest_route=\/wp\/v2\/posts\/30374\/revisions"}],"predecessor-version":[{"id":30376,"href":"https:\/\/encuentroinformativo.com.mx\/index.php?rest_route=\/wp\/v2\/posts\/30374\/revisions\/30376"}],"wp:featuredmedia":[{"embeddable":true,"href":"https:\/\/encuentroinformativo.com.mx\/index.php?rest_route=\/wp\/v2\/media\/30375"}],"wp:attachment":[{"href":"https:\/\/encuentroinformativo.com.mx\/index.php?rest_route=%2Fwp%2Fv2%2Fmedia&parent=30374"}],"wp:term":[{"taxonomy":"category","embeddable":true,"href":"https:\/\/encuentroinformativo.com.mx\/index.php?rest_route=%2Fwp%2Fv2%2Fcategories&post=30374"},{"taxonomy":"post_tag","embeddable":true,"href":"https:\/\/encuentroinformativo.com.mx\/index.php?rest_route=%2Fwp%2Fv2%2Ftags&post=30374"}],"curies":[{"name":"wp","href":"https:\/\/api.w.org\/{rel}","templated":true}]}}