{"id":30379,"date":"2022-08-09T16:38:20","date_gmt":"2022-08-09T21:38:20","guid":{"rendered":"https:\/\/encuentroinformativo.com.mx\/?p=30379"},"modified":"2022-08-09T16:38:24","modified_gmt":"2022-08-09T21:38:24","slug":"solicitan-empresarios-promocion-turistica-para-actopan","status":"publish","type":"post","link":"https:\/\/encuentroinformativo.com.mx\/?p=30379","title":{"rendered":"Solicitan empresarios promoci\u00f3n tur\u00edstica para Actopan"},"content":{"rendered":"\n<p><strong>Dar\u00edo Pale <\/strong><\/p>\n\n\n\n<p>Xalapa, Ver.- Alfredo Esquivel Canseco, gerente general de la empresa Actopan R\u00edo en Chicuacen, dio a conocer que la crisis econ\u00f3mica que dej\u00f3 la pandemia por COVID-19, la inseguridad de la zona y otros factores han impactado de manera directa a prestadores de servicios tur\u00edsticos en la regi\u00f3n de Actopan.<\/p>\n\n\n\n<p>En conferencia de prensa se\u00f1al\u00f3 que, <strong>los empresarios de deportes externos piden promoci\u00f3n tur\u00edstica, ante ello, se suma la poca comunicaci\u00f3n y apoyo de las autoridades locales y estatales, quienes lejos de apoyarlos en un plan de trabajo, le apuestan a otro tipo de eventos y deportes.<\/strong><\/p>\n\n\n\n<p>Lo anterior lo declar\u00f3 \u00a0quien lament\u00f3 que no se les considere un destino tur\u00edstico tal y como a Jalcomulco.<\/p>\n\n\n\n<p>&#8220;Primero vino la influenza, como que ya ven\u00eda superando eso y vino la inseguridad, despu\u00e9s nos viene la pandemia, entonces no ha acabado de impactar, adem\u00e1s la falta de promoci\u00f3n tur\u00edstica, bueno todo va sumando para que en detrimento no tenga el auge y potencial que ahora el turismo tiene&#8221;, se\u00f1al\u00f3.<\/p>\n\n\n\n<p>El empresario en el ramo de actividades extremas, mencion\u00f3 que ellos tambi\u00e9n cuentan con descenso de r\u00edo, rapel y otras actividades extremas y que se realizan con toda la seguridad.\u00a0<\/p>\n","protected":false},"excerpt":{"rendered":"<p>Dar\u00edo Pale Xalapa, Ver.- Alfredo Esquivel Canseco, gerente general de la empresa Actopan R\u00edo en Chicuacen, dio a conocer que la crisis econ\u00f3mica que dej\u00f3 la pandemia por COVID-19, la inseguridad de la zona y otros factores han impactado de manera directa a prestadores de servicios tur\u00edsticos en la regi\u00f3n de Actopan. En conferencia de [&hellip;]<\/p>\n","protected":false},"author":2476,"featured_media":30378,"comment_status":"open","ping_status":"open","sticky":false,"template":"","format":"standard","meta":{"_jetpack_memberships_contains_paid_content":false,"footnotes":""},"categories":[8],"tags":[],"class_list":["post-30379","post","type-post","status-publish","format-standard","has-post-thumbnail","hentry","category-region"],"jetpack_featured_media_url":"https:\/\/encuentroinformativo.com.mx\/wp-content\/uploads\/2022\/08\/2A276D5B-A078-47D2-8EB7-E3154122EFC5.jpeg","jetpack_sharing_enabled":true,"jetpack_likes_enabled":true,"amp_enabled":true,"_links":{"self":[{"href":"https:\/\/encuentroinformativo.com.mx\/index.php?rest_route=\/wp\/v2\/posts\/30379","targetHints":{"allow":["GET"]}}],"collection":[{"href":"https:\/\/encuentroinformativo.com.mx\/index.php?rest_route=\/wp\/v2\/posts"}],"about":[{"href":"https:\/\/encuentroinformativo.com.mx\/index.php?rest_route=\/wp\/v2\/types\/post"}],"author":[{"embeddable":true,"href":"https:\/\/encuentroinformativo.com.mx\/index.php?rest_route=\/wp\/v2\/users\/2476"}],"replies":[{"embeddable":true,"href":"https:\/\/encuentroinformativo.com.mx\/index.php?rest_route=%2Fwp%2Fv2%2Fcomments&post=30379"}],"version-history":[{"count":1,"href":"https:\/\/encuentroinformativo.com.mx\/index.php?rest_route=\/wp\/v2\/posts\/30379\/revisions"}],"predecessor-version":[{"id":30380,"href":"https:\/\/encuentroinformativo.com.mx\/index.php?rest_route=\/wp\/v2\/posts\/30379\/revisions\/30380"}],"wp:featuredmedia":[{"embeddable":true,"href":"https:\/\/encuentroinformativo.com.mx\/index.php?rest_route=\/wp\/v2\/media\/30378"}],"wp:attachment":[{"href":"https:\/\/encuentroinformativo.com.mx\/index.php?rest_route=%2Fwp%2Fv2%2Fmedia&parent=30379"}],"wp:term":[{"taxonomy":"category","embeddable":true,"href":"https:\/\/encuentroinformativo.com.mx\/index.php?rest_route=%2Fwp%2Fv2%2Fcategories&post=30379"},{"taxonomy":"post_tag","embeddable":true,"href":"https:\/\/encuentroinformativo.com.mx\/index.php?rest_route=%2Fwp%2Fv2%2Ftags&post=30379"}],"curies":[{"name":"wp","href":"https:\/\/api.w.org\/{rel}","templated":true}]}}