{"id":30386,"date":"2022-08-09T19:57:07","date_gmt":"2022-08-10T00:57:07","guid":{"rendered":"https:\/\/encuentroinformativo.com.mx\/?p=30386"},"modified":"2022-08-09T19:57:11","modified_gmt":"2022-08-10T00:57:11","slug":"alcalde-jm-unanue-hace-realidad-la-construccion-del-parque-naval-i","status":"publish","type":"post","link":"https:\/\/encuentroinformativo.com.mx\/?p=30386","title":{"rendered":"Alcalde JM Un\u00e1nue hace realidad la construcci\u00f3n del Parque Naval I"},"content":{"rendered":"\n<p><strong>*\u201cMejorando la calidad de vida de las personas, vamos consolidando a Boca del R\u00edo como lo mejor de Veracruz, destac\u00f3.<\/strong><\/p>\n\n\n\n<p>Boca del R\u00edo, Ver.- El Alcalde de Boca del Rio, Juan Manuel Un\u00e1nue Abascal, puso en marcha una obra m\u00e1s en lo que va de su administraci\u00f3n, se trata del Parque Naval I de la colonia Ampliaci\u00f3n Miguel Alem\u00e1n, mismo que prometi\u00f3 en campa\u00f1a y hoy ser\u00e1 una realidad.<\/p>\n\n\n\n<p>\u201cHoy cumplimos uno de nuestros compromisos de campa\u00f1a, la construcci\u00f3n del Parque Naval I de la Colonia Ampliaci\u00f3n Miguel Alem\u00e1n, que adem\u00e1s de ser un espacio para hacer deporte, aportar\u00e1 plusval\u00eda a la zona\u201d, dijo el Alcalde de Boca del R\u00edo, Juan Manuel Un\u00e1nue Abascal.<\/p>\n\n\n\n<p>\u201cEstuve con ustedes, me comentaron de la posibilidad de construir un parque y aqu\u00ed est\u00e1 el inicio de este parque Naval para todas y todos ustedes\u201d.<\/p>\n\n\n\n<p>Acompa\u00f1ado por su esposa la se\u00f1ora Melina Rivera y su hija Aitana de Un\u00e1nue, el mun\u00edcipe destac\u00f3 que el terreno que hoy es un bald\u00edo, ahora se transformar\u00e1 en un lugar seguro, amable para las familias boque\u00f1as que viven en la zona.<\/p>\n\n\n\n<p>\u201cMejorando la calidad de vida de las personas, vamos consolidando a Boca del R\u00edo como lo mejor de Veracruz\u201d.<\/p>\n\n\n\n<p>Para la edificaci\u00f3n este espacio p\u00fablico, se realizar\u00e1 una inversi\u00f3n superior a los 3.5 MDP, con la que se construir\u00e1n m\u00e1s de 2 mil 200 metros cuadrados de un parque nuevo para el disfrute de vecinos y vecinas de esta colonia.<\/p>\n\n\n\n<p>Construy\u00e9ndose una cancha de usos m\u00faltiples, que incluyen dos porter\u00edas con canasta para jugar futbol y basquetbol, aplic\u00e1ndose cerca de 700 metros cuadrados de pintura para exteriores en la superficie de la cancha, as\u00ed como 145 metros lineales de guarniciones pintadas con material especial y 145 metros cuadrados de banquetas de concreto.<\/p>\n\n\n\n<p>Tambi\u00e9n se colocar\u00e1n 300 metros cuadrados de pasto alfombra y 131 plantas de diferentes especies, as\u00ed como 190 metros lineales de bordillo de concreto simple, para delimitar las \u00e1reas de jardiner\u00eda.<\/p>\n\n\n\n<p>Se colocar\u00e1n seis bancas, adem\u00e1s de cestos para basura, cuatro juegos montables y un juego met\u00e1lico que incluye cuatro actividades diferentes para disfrute de los m\u00e1s peque\u00f1os.<\/p>\n\n\n\n<p>\u201cY esque est\u00e1 demostrado que una sociedad que hace uso del espacio p\u00fablico, es una sociedad m\u00e1s solidaria, m\u00e1s saludable y segura; gracias al desempe\u00f1o de actividades recreativas y deportivas\u201d, enalteci\u00f3 Un\u00e1nue Abascal.<\/p>\n\n\n\n<p>Cabe destacar, que este parque tambi\u00e9n tendr\u00e1 un \u00e1rea especial para las infancias, donde podr\u00e1n realizar actividades l\u00fadicas para ni\u00f1as y ni\u00f1os.<\/p>\n\n\n\n<p>\u201cQue sea de provecho para la colonia y sobre todo, que este nuevo espacio sea un lugar propicio para reencontrarnos despu\u00e9s de estos a\u00f1os tan dif\u00edciles, deseo que cuando culminen estas obras pueda haber m\u00e1s familias juntas practicando alg\u00fan deporte o simplemente paseando por ac\u00e1, para devolverle cada vez m\u00e1s a Boca del R\u00edo, ese esp\u00edritu que por a\u00f1os nos ha convertido en lo mejor de Veracruz\u201d.<\/p>\n\n\n\n<p>Para finalizar, resalt\u00f3 el Presidente Municipal Juan Manuel Un\u00e1nue Abascal, que su gobierno est\u00e1 invirtiendo en obra p\u00fablica para mejorar la calidad de los servicios, y que cualquier persona, independientemente de d\u00f3nde viva o por d\u00f3nde transite, pueda disfrutar de un Boca del R\u00edo moderno, lo mejor de Veracruz.<\/p>\n\n\n\n<figure class=\"wp-block-image size-large\"><img loading=\"lazy\" decoding=\"async\" width=\"1024\" height=\"682\" src=\"https:\/\/encuentroinformativo.com.mx\/wp-content\/uploads\/2022\/08\/BCB1E342-18B3-4837-A3C8-88B985063F4B.jpeg\" alt=\"\" class=\"wp-image-30388\" srcset=\"https:\/\/encuentroinformativo.com.mx\/wp-content\/uploads\/2022\/08\/BCB1E342-18B3-4837-A3C8-88B985063F4B.jpeg 1024w, https:\/\/encuentroinformativo.com.mx\/wp-content\/uploads\/2022\/08\/BCB1E342-18B3-4837-A3C8-88B985063F4B-300x200.jpeg 300w, https:\/\/encuentroinformativo.com.mx\/wp-content\/uploads\/2022\/08\/BCB1E342-18B3-4837-A3C8-88B985063F4B-768x512.jpeg 768w\" sizes=\"auto, (max-width: 1024px) 100vw, 1024px\" \/><\/figure>\n","protected":false},"excerpt":{"rendered":"<p>*\u201cMejorando la calidad de vida de las personas, vamos consolidando a Boca del R\u00edo como lo mejor de Veracruz, destac\u00f3. Boca del R\u00edo, Ver.- El Alcalde de Boca del Rio, Juan Manuel Un\u00e1nue Abascal, puso en marcha una obra m\u00e1s en lo que va de su administraci\u00f3n, se trata del Parque Naval I de la [&hellip;]<\/p>\n","protected":false},"author":1,"featured_media":30387,"comment_status":"open","ping_status":"open","sticky":false,"template":"","format":"standard","meta":{"_jetpack_memberships_contains_paid_content":false,"footnotes":""},"categories":[2],"tags":[],"class_list":["post-30386","post","type-post","status-publish","format-standard","has-post-thumbnail","hentry","category-estado"],"jetpack_featured_media_url":"https:\/\/encuentroinformativo.com.mx\/wp-content\/uploads\/2022\/08\/BC29183A-5A75-4CA5-ADCA-5CDE30BF51FA.jpeg","jetpack_sharing_enabled":true,"jetpack_likes_enabled":true,"amp_enabled":true,"_links":{"self":[{"href":"https:\/\/encuentroinformativo.com.mx\/index.php?rest_route=\/wp\/v2\/posts\/30386","targetHints":{"allow":["GET"]}}],"collection":[{"href":"https:\/\/encuentroinformativo.com.mx\/index.php?rest_route=\/wp\/v2\/posts"}],"about":[{"href":"https:\/\/encuentroinformativo.com.mx\/index.php?rest_route=\/wp\/v2\/types\/post"}],"author":[{"embeddable":true,"href":"https:\/\/encuentroinformativo.com.mx\/index.php?rest_route=\/wp\/v2\/users\/1"}],"replies":[{"embeddable":true,"href":"https:\/\/encuentroinformativo.com.mx\/index.php?rest_route=%2Fwp%2Fv2%2Fcomments&post=30386"}],"version-history":[{"count":1,"href":"https:\/\/encuentroinformativo.com.mx\/index.php?rest_route=\/wp\/v2\/posts\/30386\/revisions"}],"predecessor-version":[{"id":30389,"href":"https:\/\/encuentroinformativo.com.mx\/index.php?rest_route=\/wp\/v2\/posts\/30386\/revisions\/30389"}],"wp:featuredmedia":[{"embeddable":true,"href":"https:\/\/encuentroinformativo.com.mx\/index.php?rest_route=\/wp\/v2\/media\/30387"}],"wp:attachment":[{"href":"https:\/\/encuentroinformativo.com.mx\/index.php?rest_route=%2Fwp%2Fv2%2Fmedia&parent=30386"}],"wp:term":[{"taxonomy":"category","embeddable":true,"href":"https:\/\/encuentroinformativo.com.mx\/index.php?rest_route=%2Fwp%2Fv2%2Fcategories&post=30386"},{"taxonomy":"post_tag","embeddable":true,"href":"https:\/\/encuentroinformativo.com.mx\/index.php?rest_route=%2Fwp%2Fv2%2Ftags&post=30386"}],"curies":[{"name":"wp","href":"https:\/\/api.w.org\/{rel}","templated":true}]}}