{"id":30390,"date":"2022-08-10T09:54:10","date_gmt":"2022-08-10T14:54:10","guid":{"rendered":"https:\/\/encuentroinformativo.com.mx\/?p=30390"},"modified":"2022-08-10T09:54:14","modified_gmt":"2022-08-10T14:54:14","slug":"cuic-y-la-formula-para-el-senado","status":"publish","type":"post","link":"https:\/\/encuentroinformativo.com.mx\/?p=30390","title":{"rendered":"Cuic y la f\u00f3rmula para el Senado"},"content":{"rendered":"\n<p><strong>Los Pol\u00edticos<\/strong><\/p>\n\n\n\n<p><strong>Salvador Mu\u00f1oz<\/strong><\/p>\n\n\n\n<p>Bajo el supuesto de que Morena en Veracruz ya tuviera definida con m\u00e1s de un a\u00f1o de anticipaci\u00f3n su candidatura por el gobierno estatal, el siguiente paso a definir ser\u00eda su f\u00f3rmula para el Senado\u2026<\/p>\n\n\n\n<p>Suponiendo (seguimos en los \u201csupositorios\u201d) que si un var\u00f3n encabeza esta f\u00f3rmula, el siguiente \u201csupositorio\u201d ser\u00eda para Cuitl\u00e1huac si tuviera la autoridad pol\u00edtica para elegir a un hombre para el esca\u00f1o\u2026<\/p>\n\n\n\n<p>Hay por el momento dos nombres para Cuic si cayera en esa posibilidad: Zenyazen Escobar y Juan Javier G\u00f3mez Cazar\u00edn. Es decir: escoger entre su gabinete o entre el Poder Legislativo\u2026 es un albur que en cualquiera que declinara, puede haber l\u00f3gica: si declina por El Car\u00f3n, con decir \u201cZen, t\u00fa eres de casa\u201d, se entiende; si se inclina por Zenyazen, con decir: \u201cCazar\u00edn, \u00e9l es de casa\u201d, se entiende\u2026<\/p>\n\n\n\n<p>Pero estamos en el \u201csupositorio\u201d de que desde el Altiplano le dieran a escoger hombre a Cuic\u2026 \u00bfy si no?<\/p>\n\n\n\n<p>Ah, bueno, entonces le entra el otro \u201csupositorio\u201d al Gober: que le den a elegir a la mujer que acompa\u00f1e la f\u00f3rmula morena por el Senado\u2026<\/p>\n\n\n\n<p>\u00bfCu\u00e1ntas mujeres le conoce Cuitl\u00e1huac? \u00a1Decir pocas es decir ninguna! Pero siendo francos podemos ver que tiene cierta preferencia o inclinaci\u00f3n por su parienta Dorheny Garc\u00eda Cayetano\u2026 de ah\u00ed en fuera, por m\u00e1s que se ufane Cuicas y otros en decir que es un gobierno paritario, con m\u00e1s mujeres que otros gobiernos, es innegable que la \u201cconsen\u201d es la parienta Dorheny\u2026 \u00a1ah\u00ed est\u00e1 su cu\u00f1ado Elio y su magistrada hermana como prueba de ello! \u00a1Ni\u00e9guenmelo!<\/p>\n\n\n\n<p>\u00bfO Cuic tiene otra mujer por la cual pidiera el esca\u00f1o? H\u00e1ganmelo saber\u2026<\/p>\n\n\n\n<p>Por supuesto, estamos hablando de una bondad pol\u00edtica en el Altiplano\u2026 vamos, otro \u201csupositorio\u201d\u2026 \u00bfpero qu\u00e9 pasar\u00eda si en una de \u00e9sas la decisi\u00f3n es totalmente unilateral y no precisamente del lado de Veracruz, sino de la Ciudad de M\u00e9xico?<\/p>\n\n\n\n<p>Bueno, si as\u00ed fuera, cada moreno con ganas de ocupar un esca\u00f1o, no s\u00f3lo est\u00e1 trabajando desde el escritorio sino abarcando territorio a lo largo y ancho del estado (dijeran entre ellos) y por supuesto, haciendo el teje y maneje en la Ciudad de M\u00e9xico\u2026<\/p>\n\n\n\n<p>Mal har\u00edan si todas las veladoras las prendieran a Cuic cuando apenas hace unas semanas cedi\u00f3 el poder con la Ley Nahle\u2026 claro, suponiendo (otro \u201csupositorio\u201d) que alguna vez el Gobernador realmente tuviera influencia en Veracruz como en el Altiplano\u2026<\/p>\n\n\n\n<p><a rel=\"noreferrer noopener\" href=\"mailto:smcainito@gmail.com\" target=\"_blank\">smcainito@gmail.com<\/a><\/p>\n","protected":false},"excerpt":{"rendered":"<p>Los Pol\u00edticos Salvador Mu\u00f1oz Bajo el supuesto de que Morena en Veracruz ya tuviera definida con m\u00e1s de un a\u00f1o de anticipaci\u00f3n su candidatura por el gobierno estatal, el siguiente paso a definir ser\u00eda su f\u00f3rmula para el Senado\u2026 Suponiendo (seguimos en los \u201csupositorios\u201d) que si un var\u00f3n encabeza esta f\u00f3rmula, el siguiente \u201csupositorio\u201d ser\u00eda [&hellip;]<\/p>\n","protected":false},"author":1,"featured_media":387,"comment_status":"open","ping_status":"open","sticky":false,"template":"","format":"standard","meta":{"_jetpack_memberships_contains_paid_content":false,"footnotes":""},"categories":[11],"tags":[],"class_list":["post-30390","post","type-post","status-publish","format-standard","has-post-thumbnail","hentry","category-opinion"],"jetpack_featured_media_url":"https:\/\/encuentroinformativo.com.mx\/wp-content\/uploads\/2020\/03\/7CF8A22B-2764-47BE-8F7F-38FE9E5D6A2F.jpeg","jetpack_sharing_enabled":true,"jetpack_likes_enabled":true,"amp_enabled":true,"_links":{"self":[{"href":"https:\/\/encuentroinformativo.com.mx\/index.php?rest_route=\/wp\/v2\/posts\/30390","targetHints":{"allow":["GET"]}}],"collection":[{"href":"https:\/\/encuentroinformativo.com.mx\/index.php?rest_route=\/wp\/v2\/posts"}],"about":[{"href":"https:\/\/encuentroinformativo.com.mx\/index.php?rest_route=\/wp\/v2\/types\/post"}],"author":[{"embeddable":true,"href":"https:\/\/encuentroinformativo.com.mx\/index.php?rest_route=\/wp\/v2\/users\/1"}],"replies":[{"embeddable":true,"href":"https:\/\/encuentroinformativo.com.mx\/index.php?rest_route=%2Fwp%2Fv2%2Fcomments&post=30390"}],"version-history":[{"count":1,"href":"https:\/\/encuentroinformativo.com.mx\/index.php?rest_route=\/wp\/v2\/posts\/30390\/revisions"}],"predecessor-version":[{"id":30391,"href":"https:\/\/encuentroinformativo.com.mx\/index.php?rest_route=\/wp\/v2\/posts\/30390\/revisions\/30391"}],"wp:featuredmedia":[{"embeddable":true,"href":"https:\/\/encuentroinformativo.com.mx\/index.php?rest_route=\/wp\/v2\/media\/387"}],"wp:attachment":[{"href":"https:\/\/encuentroinformativo.com.mx\/index.php?rest_route=%2Fwp%2Fv2%2Fmedia&parent=30390"}],"wp:term":[{"taxonomy":"category","embeddable":true,"href":"https:\/\/encuentroinformativo.com.mx\/index.php?rest_route=%2Fwp%2Fv2%2Fcategories&post=30390"},{"taxonomy":"post_tag","embeddable":true,"href":"https:\/\/encuentroinformativo.com.mx\/index.php?rest_route=%2Fwp%2Fv2%2Ftags&post=30390"}],"curies":[{"name":"wp","href":"https:\/\/api.w.org\/{rel}","templated":true}]}}