{"id":30392,"date":"2022-08-10T10:32:08","date_gmt":"2022-08-10T15:32:08","guid":{"rendered":"https:\/\/encuentroinformativo.com.mx\/?p=30392"},"modified":"2022-08-10T10:32:12","modified_gmt":"2022-08-10T15:32:12","slug":"se-cumplen-expectativas-de-temporada-de-verano-cometur","status":"publish","type":"post","link":"https:\/\/encuentroinformativo.com.mx\/?p=30392","title":{"rendered":"Se cumplen expectativas de temporada de verano: COMETUR"},"content":{"rendered":"\n<p><strong>Alejandro \u00c1vila<\/strong><\/p>\n\n\n\n<p>Veracruz, Ver.- El presidente del Consejo Metropolitano de Turismo (COMETUR), Sergio Lois Heredia asegur\u00f3 que, a la fecha se han cumplido las expectativas que se ten\u00edan durante la temporada de verano 2022.<\/p>\n\n\n\n<p>Mencion\u00f3 que se ten\u00eda previsto entre semana una ocupaci\u00f3n hotelera del 60 al 65 por ciento, mientras que los fines de semana, superior cerca del 90 por ciento.<\/p>\n\n\n\n<p>&#8220;S\u00ed se ha cumplido, tra\u00edamos una expectativa promedio de ocupaci\u00f3n del 60 por ciento para lo que es la temporada alta, obviamente con los fines de semana con una mayor ocupaci\u00f3n que entre semana, y se ha estado cumpliendo, incluso se puede rebasar, ahorita andamos alrededor del 65 por ciento en todo lo que va de la temporada alta vacacional, todav\u00eda queda hasta mediados de agosto, y eso es algo muy bueno, los \u00faltimos dos a\u00f1os no hab\u00edamos podido tener una temporada alta de verano&#8221;, subray\u00f3.<\/p>\n\n\n\n<p>El empresario hotelero reconoci\u00f3 que, los visitantes acuden a la zona conurbada Veracruz &#8211; Boca del R\u00edo para conocer la playa; sin embargo, han encontrado otras actividades recreativas que alargan su estancia en la ciudad, siendo tambi\u00e9n la gastronom\u00eda uno de los grandes atractivos para los turistas.<\/p>\n\n\n\n<p>&#8220;En Veracruz el turista viernes y disfruta de todo, la mayor\u00eda s\u00ed visita la playa, pero ya al estar aqu\u00ed, se dan cuenta que pueden hacer otras cosas, y se han llevado una grata impresi\u00f3n los turistas desde la Semana Santa, que tambi\u00e9n estuvimos muy bien, se han llevado una grata impresi\u00f3n los turistas&#8221;, culmin\u00f3.<\/p>\n","protected":false},"excerpt":{"rendered":"<p>Alejandro \u00c1vila Veracruz, Ver.- El presidente del Consejo Metropolitano de Turismo (COMETUR), Sergio Lois Heredia asegur\u00f3 que, a la fecha se han cumplido las expectativas que se ten\u00edan durante la temporada de verano 2022. Mencion\u00f3 que se ten\u00eda previsto entre semana una ocupaci\u00f3n hotelera del 60 al 65 por ciento, mientras que los fines de [&hellip;]<\/p>\n","protected":false},"author":1,"featured_media":30393,"comment_status":"open","ping_status":"open","sticky":false,"template":"","format":"standard","meta":{"_jetpack_memberships_contains_paid_content":false,"footnotes":""},"categories":[2],"tags":[],"class_list":["post-30392","post","type-post","status-publish","format-standard","has-post-thumbnail","hentry","category-estado"],"jetpack_featured_media_url":"https:\/\/encuentroinformativo.com.mx\/wp-content\/uploads\/2022\/08\/EA498FBE-4F0D-4D06-BFA2-5441C8599C96.jpeg","jetpack_sharing_enabled":true,"jetpack_likes_enabled":true,"amp_enabled":true,"_links":{"self":[{"href":"https:\/\/encuentroinformativo.com.mx\/index.php?rest_route=\/wp\/v2\/posts\/30392","targetHints":{"allow":["GET"]}}],"collection":[{"href":"https:\/\/encuentroinformativo.com.mx\/index.php?rest_route=\/wp\/v2\/posts"}],"about":[{"href":"https:\/\/encuentroinformativo.com.mx\/index.php?rest_route=\/wp\/v2\/types\/post"}],"author":[{"embeddable":true,"href":"https:\/\/encuentroinformativo.com.mx\/index.php?rest_route=\/wp\/v2\/users\/1"}],"replies":[{"embeddable":true,"href":"https:\/\/encuentroinformativo.com.mx\/index.php?rest_route=%2Fwp%2Fv2%2Fcomments&post=30392"}],"version-history":[{"count":1,"href":"https:\/\/encuentroinformativo.com.mx\/index.php?rest_route=\/wp\/v2\/posts\/30392\/revisions"}],"predecessor-version":[{"id":30394,"href":"https:\/\/encuentroinformativo.com.mx\/index.php?rest_route=\/wp\/v2\/posts\/30392\/revisions\/30394"}],"wp:featuredmedia":[{"embeddable":true,"href":"https:\/\/encuentroinformativo.com.mx\/index.php?rest_route=\/wp\/v2\/media\/30393"}],"wp:attachment":[{"href":"https:\/\/encuentroinformativo.com.mx\/index.php?rest_route=%2Fwp%2Fv2%2Fmedia&parent=30392"}],"wp:term":[{"taxonomy":"category","embeddable":true,"href":"https:\/\/encuentroinformativo.com.mx\/index.php?rest_route=%2Fwp%2Fv2%2Fcategories&post=30392"},{"taxonomy":"post_tag","embeddable":true,"href":"https:\/\/encuentroinformativo.com.mx\/index.php?rest_route=%2Fwp%2Fv2%2Ftags&post=30392"}],"curies":[{"name":"wp","href":"https:\/\/api.w.org\/{rel}","templated":true}]}}