{"id":30395,"date":"2022-08-10T10:48:56","date_gmt":"2022-08-10T15:48:56","guid":{"rendered":"https:\/\/encuentroinformativo.com.mx\/?p=30395"},"modified":"2022-08-10T10:49:00","modified_gmt":"2022-08-10T15:49:00","slug":"ejecutan-a-ex-alcalde-de-rafael-lucio","status":"publish","type":"post","link":"https:\/\/encuentroinformativo.com.mx\/?p=30395","title":{"rendered":"Ejecutan a ex alcalde de Rafael Lucio"},"content":{"rendered":"\n<p><strong>Juan Arcos<\/strong><\/p>\n\n\n\n<p>Xalapa, Ver.- El exalcalde de Rafael Lucio, Jos\u00e9 Allan Libreros Alba, fue asesinado a balazos la noche del martes 9 de agosto en la zona centro de ese municipio, ubicado a 15 kil\u00f3metros de la ciudad de Xalapa.<\/p>\n\n\n\n<p>Los hechos ocurrieron poco antes de las 22:00 horas sobre la calle Del Desierto, cuando viajaba en su veh\u00edculo, marca Nissan-Sentra, color rojo, con direcci\u00f3n a su domicilio, y fue emboscado por sujetos armados.<\/p>\n\n\n\n<p>El exfuncionario, de 39 a\u00f1os, recibi\u00f3 al menos seis impactos de bala, dos de ellos en la cabeza, por lo que fue trasladado al Centro de Alta Especialidad (CAE) \u201cDoctor Rafael Lucio\u201d, que se encuentra en Xalapa; sin embargo, muri\u00f3 por la gravedad de las lesiones.<\/p>\n\n\n\n<p>Elementos de la Fuerza Civil y de la Polic\u00eda Estatal, adscritos a la Secretar\u00eda de Seguridad P\u00fablica (SSP), desplegaron un fuerte operativo y activaron el C\u00f3digo Rojo para la captura de los agresores.<\/p>\n\n\n\n<p>Las acciones de b\u00fasqueda se prolongaron durante la madrugada pero hasta el momento no hay personas detenidas por el homicidio de Jos\u00e9 Allan.<\/p>\n\n\n\n<p>Al lugar de los hecho tambi\u00e9n acudieron polic\u00edas ministeriales y personal de la Direcci\u00f3n General de Servicios Periciales de la Fiscal\u00eda General del Estado (FGE) para iniciar las investigaciones correspondientes.<\/p>\n\n\n\n<p>Autoridades instruyeron el traslado del cuerpo al Servicio M\u00e9dico Forense (Semefo) donde ser\u00eda reclamado por sus familiares para ser velado y sepultado en un rancho de donde era originario.<\/p>\n\n\n\n<p>Libreros Alba fue presidente municipal de Rafael Lucio por el Partido Acci\u00f3n Nacional (PAN) en el periodo 2018-2021. Tras su asesinato, circulan fotograf\u00edas en redes sociales donde aparece con el senador Julen Rementer\u00eda del Puerto.<\/p>\n\n\n\n<p>Sin embargo, tambi\u00e9n funcionarios morenistas le han dado el p\u00e9same a la familia y publicado esquelas, como Ha sido el caso de Eleazar Guerrero P\u00e9rez, subsecretario de Finanzas y Planeaci\u00f3n.<\/p>\n\n\n\n<p>\u201cLamento el sensible fallecimiento de Jos\u00e9 Allan Libreros Alba. Amigo y compa\u00f1ero de la Secretaria Ejecutiva del Sistema y del Consejo Estatal de Seguridad P\u00fablica de Veracruz\u201d, se lee en el mensaje.<\/p>\n\n\n\n<p>Hasta el momento, el gobernador Cuitl\u00e1huac Garc\u00eda Jim\u00e9nez, ni la titular de la FGE, Ver\u00f3nica Hern\u00e1ndez Giad\u00e1ns, se han pronunciado al respecto.<\/p>\n","protected":false},"excerpt":{"rendered":"<p>Juan Arcos Xalapa, Ver.- El exalcalde de Rafael Lucio, Jos\u00e9 Allan Libreros Alba, fue asesinado a balazos la noche del martes 9 de agosto en la zona centro de ese municipio, ubicado a 15 kil\u00f3metros de la ciudad de Xalapa. Los hechos ocurrieron poco antes de las 22:00 horas sobre la calle Del Desierto, cuando [&hellip;]<\/p>\n","protected":false},"author":1,"featured_media":30396,"comment_status":"open","ping_status":"open","sticky":false,"template":"","format":"standard","meta":{"_jetpack_memberships_contains_paid_content":false,"footnotes":""},"categories":[14],"tags":[],"class_list":["post-30395","post","type-post","status-publish","format-standard","has-post-thumbnail","hentry","category-policiaca"],"jetpack_featured_media_url":"https:\/\/encuentroinformativo.com.mx\/wp-content\/uploads\/2022\/08\/841B407D-9767-4586-B0F5-98A880A1A442.jpeg","jetpack_sharing_enabled":true,"jetpack_likes_enabled":true,"amp_enabled":true,"_links":{"self":[{"href":"https:\/\/encuentroinformativo.com.mx\/index.php?rest_route=\/wp\/v2\/posts\/30395","targetHints":{"allow":["GET"]}}],"collection":[{"href":"https:\/\/encuentroinformativo.com.mx\/index.php?rest_route=\/wp\/v2\/posts"}],"about":[{"href":"https:\/\/encuentroinformativo.com.mx\/index.php?rest_route=\/wp\/v2\/types\/post"}],"author":[{"embeddable":true,"href":"https:\/\/encuentroinformativo.com.mx\/index.php?rest_route=\/wp\/v2\/users\/1"}],"replies":[{"embeddable":true,"href":"https:\/\/encuentroinformativo.com.mx\/index.php?rest_route=%2Fwp%2Fv2%2Fcomments&post=30395"}],"version-history":[{"count":1,"href":"https:\/\/encuentroinformativo.com.mx\/index.php?rest_route=\/wp\/v2\/posts\/30395\/revisions"}],"predecessor-version":[{"id":30397,"href":"https:\/\/encuentroinformativo.com.mx\/index.php?rest_route=\/wp\/v2\/posts\/30395\/revisions\/30397"}],"wp:featuredmedia":[{"embeddable":true,"href":"https:\/\/encuentroinformativo.com.mx\/index.php?rest_route=\/wp\/v2\/media\/30396"}],"wp:attachment":[{"href":"https:\/\/encuentroinformativo.com.mx\/index.php?rest_route=%2Fwp%2Fv2%2Fmedia&parent=30395"}],"wp:term":[{"taxonomy":"category","embeddable":true,"href":"https:\/\/encuentroinformativo.com.mx\/index.php?rest_route=%2Fwp%2Fv2%2Fcategories&post=30395"},{"taxonomy":"post_tag","embeddable":true,"href":"https:\/\/encuentroinformativo.com.mx\/index.php?rest_route=%2Fwp%2Fv2%2Ftags&post=30395"}],"curies":[{"name":"wp","href":"https:\/\/api.w.org\/{rel}","templated":true}]}}