{"id":30401,"date":"2022-08-09T12:19:00","date_gmt":"2022-08-09T17:19:00","guid":{"rendered":"https:\/\/encuentroinformativo.com.mx\/?p=30401"},"modified":"2022-08-10T12:21:37","modified_gmt":"2022-08-10T17:21:37","slug":"2021-registro-cifra-record-de-personas-desaparecidas-anais-palacios","status":"publish","type":"post","link":"https:\/\/encuentroinformativo.com.mx\/?p=30401","title":{"rendered":"2021 registr\u00f3 cifra r\u00e9cord de personas desaparecidas: Ana\u00eds Palacios"},"content":{"rendered":"\n<p><strong>Dar\u00edo Pale<\/strong><\/p>\n\n\n\n<p>Xalapa, Ver.- Ana\u00eds Palacios P\u00e9rez, integrante del Instituto Mexicano de Derechos Humanos y Democracia A.C., dio a conocer que durante el 2021 se registraron en el estado de Veracruz m\u00e1s desaparecidos que en el 2014, cuando gobernaba Javier Duarte de Ochoa y hab\u00eda una acci\u00f3n marcada por los grupos delictivos, al contabilizarse 70 casos m\u00e1s de los tenidos en ese periodo.<\/p>\n\n\n\n<p>En entrevista se\u00f1al\u00f3 que estas cifras son las que dio a conocer el Registro Nacional de Personas Desaparecidas y no Localizadas, en donde se detalla que, en el 2014, se registraron 529, contra los 599 del a\u00f1o pasado.<\/p>\n\n\n\n<p>Actualmente en la entidad veracruzana suman 7 mil 186 casos de personas no localizadas o desaparecidas y las regiones de Veracruz puerto, Xalapa, Coatzacoalcos, Poza Rica, C\u00f3rdoba y Orizaba son las que mayormente concentran esas desapariciones.<\/p>\n\n\n\n<p>Dio a conocer que en el portal oficial de registro de personas no localizadas o desaparecidas, pudo identificar que el 2021 el n\u00famero de desapariciones anuales increment\u00f3, inclusive por encima de 2014, cuando se tuvo la cifra m\u00e1s alta que hab\u00eda de desapariciones en el estado.<\/p>\n\n\n\n<p>Record\u00f3 que hace algunas semanas la Fiscal\u00eda General del Estado hizo una carga masiva de informaci\u00f3n al Registro de personas Desaparecidas y de 5 mil 800 personas desaparecidas, la cifra aument\u00f3 a los 7 mil 100 entre 1964 y 2022 y no es que se est\u00e9 hablando que todas esas personas est\u00e9n en calidad de desaparecidas.<\/p>\n\n\n\n<p>Sin embargo, insisti\u00f3 que las desapariciones siguen ocurriendo y es preocupante que el a\u00f1o pasado haya sido el que m\u00e1s registr\u00f3 desapariciones de manera hist\u00f3rica en el estado de Veracruz, con independencia de que hayan sido recuperados o no.<\/p>\n\n\n\n<p>\u201cSe trata de un tema de seguridad y que tiene que ver con la prevenci\u00f3n del delito, por lo que, si bien las dependencias est\u00e1n trabajando ya de manera continua, esto no quiere decir que se est\u00e9 acabando con el delito&#8221;, se\u00f1al\u00f3.<\/p>\n\n\n\n<p>Lament\u00f3 que siga existiendo demora en las investigaciones, lo cual no s\u00f3lo depende de la Fiscal\u00eda General del Estado o de la Comisi\u00f3n Estatal de B\u00fasqueda, sino tambi\u00e9n de dependencias como la Secretar\u00eda de Seguridad P\u00fablica y deplor\u00f3 que a pesar del discurso oficial, siga habiendo desapariciones de personas y no hay una evaluaci\u00f3n del trabajo que se ha hecho hasta ahora.<\/p>\n\n\n\n<p>Finalmente, asegur\u00f3 que si bien es cierto un caso de desaparici\u00f3n no se puede archivar legalmente, porque una desaparici\u00f3n es un delito continuado, la experiencia dicta que los casos antiguos est\u00e1n hasta abajo de los archivos o las carpetas est\u00e1n desaparecidas, lo que es deplorable.<\/p>\n","protected":false},"excerpt":{"rendered":"<p>Dar\u00edo Pale Xalapa, Ver.- Ana\u00eds Palacios P\u00e9rez, integrante del Instituto Mexicano de Derechos Humanos y Democracia A.C., dio a conocer que durante el 2021 se registraron en el estado de Veracruz m\u00e1s desaparecidos que en el 2014, cuando gobernaba Javier Duarte de Ochoa y hab\u00eda una acci\u00f3n marcada por los grupos delictivos, al contabilizarse 70 [&hellip;]<\/p>\n","protected":false},"author":1,"featured_media":30402,"comment_status":"open","ping_status":"open","sticky":false,"template":"","format":"standard","meta":{"_jetpack_memberships_contains_paid_content":false,"footnotes":""},"categories":[2],"tags":[],"class_list":["post-30401","post","type-post","status-publish","format-standard","has-post-thumbnail","hentry","category-estado"],"jetpack_featured_media_url":"https:\/\/encuentroinformativo.com.mx\/wp-content\/uploads\/2022\/08\/0A0905DA-5A51-4902-974D-9BBFADE7BB6B.jpeg","jetpack_sharing_enabled":true,"jetpack_likes_enabled":true,"amp_enabled":true,"_links":{"self":[{"href":"https:\/\/encuentroinformativo.com.mx\/index.php?rest_route=\/wp\/v2\/posts\/30401","targetHints":{"allow":["GET"]}}],"collection":[{"href":"https:\/\/encuentroinformativo.com.mx\/index.php?rest_route=\/wp\/v2\/posts"}],"about":[{"href":"https:\/\/encuentroinformativo.com.mx\/index.php?rest_route=\/wp\/v2\/types\/post"}],"author":[{"embeddable":true,"href":"https:\/\/encuentroinformativo.com.mx\/index.php?rest_route=\/wp\/v2\/users\/1"}],"replies":[{"embeddable":true,"href":"https:\/\/encuentroinformativo.com.mx\/index.php?rest_route=%2Fwp%2Fv2%2Fcomments&post=30401"}],"version-history":[{"count":1,"href":"https:\/\/encuentroinformativo.com.mx\/index.php?rest_route=\/wp\/v2\/posts\/30401\/revisions"}],"predecessor-version":[{"id":30403,"href":"https:\/\/encuentroinformativo.com.mx\/index.php?rest_route=\/wp\/v2\/posts\/30401\/revisions\/30403"}],"wp:featuredmedia":[{"embeddable":true,"href":"https:\/\/encuentroinformativo.com.mx\/index.php?rest_route=\/wp\/v2\/media\/30402"}],"wp:attachment":[{"href":"https:\/\/encuentroinformativo.com.mx\/index.php?rest_route=%2Fwp%2Fv2%2Fmedia&parent=30401"}],"wp:term":[{"taxonomy":"category","embeddable":true,"href":"https:\/\/encuentroinformativo.com.mx\/index.php?rest_route=%2Fwp%2Fv2%2Fcategories&post=30401"},{"taxonomy":"post_tag","embeddable":true,"href":"https:\/\/encuentroinformativo.com.mx\/index.php?rest_route=%2Fwp%2Fv2%2Ftags&post=30401"}],"curies":[{"name":"wp","href":"https:\/\/api.w.org\/{rel}","templated":true}]}}