{"id":30407,"date":"2022-08-10T12:58:22","date_gmt":"2022-08-10T17:58:22","guid":{"rendered":"https:\/\/encuentroinformativo.com.mx\/?p=30407"},"modified":"2022-08-10T12:58:26","modified_gmt":"2022-08-10T17:58:26","slug":"por-primera-vez-en-veracruz-se-presentara-el-payaso-brincos-dieras","status":"publish","type":"post","link":"https:\/\/encuentroinformativo.com.mx\/?p=30407","title":{"rendered":"Por primera vez en Veracruz se presentar\u00e1 el payaso &#8220;Brincos Dieras&#8221;"},"content":{"rendered":"\n<p><strong>Alejandro \u00c1vila<\/strong><\/p>\n\n\n\n<p>Veracruz, Ver.- El pr\u00f3ximo mi\u00e9rcoles 31 de agosto a las 21 horas, se presentar\u00e1 por primera vez en Veracruz, el show del payaso m\u00e1s irreverente de Latinoam\u00e9rica, &#8220;Brincos Dieras&#8221;.<\/p>\n\n\n\n<p>Es de mencionar qu\u00e9, el show del comediante regiomontano, es exclusivo para adultos y adolescentes, este evento se realizar\u00e1 en el auditorio &#8220;Benito Ju\u00e1rez&#8221; del Puerto de Veracruz.<\/p>\n\n\n\n<p>El comediante qui\u00e9n se diera a conocer en redes sociales, a logrado alcanzar en sus videos las tres millones de visitas, y ha roto r\u00e9cord de taquilla en Estados Unidos y el norte de M\u00e9xico.<\/p>\n\n\n\n<p>El primer nombre como payaso de Brincos Dieras fue \u201cTongorito\u201d, y fue al interior de una iglesia cuando por primera vez decidi\u00f3 pintarse, ponerse una peluca y un traje de colores.&nbsp;<\/p>\n\n\n\n<p>Boletos:&nbsp;http:\/\/www.sonoraticket.com<\/p>\n\n\n\n<p>Costos:<\/p>\n\n\n\n<p>Cancha: $ 3,080.00 mesa para 4 personas<\/p>\n\n\n\n<p>Cancha B: $ 3,080 mesa para 4 personas<\/p>\n\n\n\n<p>Preferente: $ 440.00<\/p>\n\n\n\n<p>Sillas cancha: $ 440.00<\/p>\n\n\n\n<p>General: $ 275.00<\/p>\n","protected":false},"excerpt":{"rendered":"<p>Alejandro \u00c1vila Veracruz, Ver.- El pr\u00f3ximo mi\u00e9rcoles 31 de agosto a las 21 horas, se presentar\u00e1 por primera vez en Veracruz, el show del payaso m\u00e1s irreverente de Latinoam\u00e9rica, &#8220;Brincos Dieras&#8221;. Es de mencionar qu\u00e9, el show del comediante regiomontano, es exclusivo para adultos y adolescentes, este evento se realizar\u00e1 en el auditorio &#8220;Benito Ju\u00e1rez&#8221; [&hellip;]<\/p>\n","protected":false},"author":1,"featured_media":30408,"comment_status":"open","ping_status":"open","sticky":false,"template":"","format":"standard","meta":{"_jetpack_memberships_contains_paid_content":false,"footnotes":""},"categories":[2],"tags":[],"class_list":["post-30407","post","type-post","status-publish","format-standard","has-post-thumbnail","hentry","category-estado"],"jetpack_featured_media_url":"https:\/\/encuentroinformativo.com.mx\/wp-content\/uploads\/2022\/08\/F47E2FFD-A603-491C-9A58-10280D4ED56F.jpeg","jetpack_sharing_enabled":true,"jetpack_likes_enabled":true,"amp_enabled":true,"_links":{"self":[{"href":"https:\/\/encuentroinformativo.com.mx\/index.php?rest_route=\/wp\/v2\/posts\/30407","targetHints":{"allow":["GET"]}}],"collection":[{"href":"https:\/\/encuentroinformativo.com.mx\/index.php?rest_route=\/wp\/v2\/posts"}],"about":[{"href":"https:\/\/encuentroinformativo.com.mx\/index.php?rest_route=\/wp\/v2\/types\/post"}],"author":[{"embeddable":true,"href":"https:\/\/encuentroinformativo.com.mx\/index.php?rest_route=\/wp\/v2\/users\/1"}],"replies":[{"embeddable":true,"href":"https:\/\/encuentroinformativo.com.mx\/index.php?rest_route=%2Fwp%2Fv2%2Fcomments&post=30407"}],"version-history":[{"count":1,"href":"https:\/\/encuentroinformativo.com.mx\/index.php?rest_route=\/wp\/v2\/posts\/30407\/revisions"}],"predecessor-version":[{"id":30409,"href":"https:\/\/encuentroinformativo.com.mx\/index.php?rest_route=\/wp\/v2\/posts\/30407\/revisions\/30409"}],"wp:featuredmedia":[{"embeddable":true,"href":"https:\/\/encuentroinformativo.com.mx\/index.php?rest_route=\/wp\/v2\/media\/30408"}],"wp:attachment":[{"href":"https:\/\/encuentroinformativo.com.mx\/index.php?rest_route=%2Fwp%2Fv2%2Fmedia&parent=30407"}],"wp:term":[{"taxonomy":"category","embeddable":true,"href":"https:\/\/encuentroinformativo.com.mx\/index.php?rest_route=%2Fwp%2Fv2%2Fcategories&post=30407"},{"taxonomy":"post_tag","embeddable":true,"href":"https:\/\/encuentroinformativo.com.mx\/index.php?rest_route=%2Fwp%2Fv2%2Ftags&post=30407"}],"curies":[{"name":"wp","href":"https:\/\/api.w.org\/{rel}","templated":true}]}}