{"id":30410,"date":"2022-08-10T13:00:32","date_gmt":"2022-08-10T18:00:32","guid":{"rendered":"https:\/\/encuentroinformativo.com.mx\/?p=30410"},"modified":"2022-08-10T13:00:35","modified_gmt":"2022-08-10T18:00:35","slug":"por-inseguridad-veracruz-con-deficit-de-choferes-de-transporte-de-carga","status":"publish","type":"post","link":"https:\/\/encuentroinformativo.com.mx\/?p=30410","title":{"rendered":"Por inseguridad, Veracruz con d\u00e9ficit de choferes de transporte de carga"},"content":{"rendered":"\n<p><strong>Alejandro \u00c1vila<\/strong><\/p>\n\n\n\n<p>Boca del R\u00edo, Ver.- Debido a la inseguridad que impera en las carreteras de la entidad veracruzana, existe un d\u00e9ficit de conductores de transporte de carga, asegur\u00f3 Jos\u00e9 Ram\u00f3n Medrano Ibarra, presidente nacional de la C\u00e1mara Nacional del Autotransporte de Carga.<\/p>\n\n\n\n<p>Los n\u00fameros, mencion\u00f3, son alarmantes, pues tan solo en la Rep\u00fablica Mexicana se tiene un registro de 10 robos diarios, llegando a la sorprendente cifra de 6 mil atracos en los primeros 6 meses del 2022, lo cual es un aumento del 3 por ciento en comparaci\u00f3n al 2021.<\/p>\n\n\n\n<p>\u201cNo solo estamos hablando de que asaltan un cami\u00f3n, asaltan a un operador, que grave que se lleven el cami\u00f3n, que grave que se lleven la carga, pero un operador que sufre el da\u00f1o psicol\u00f3gico de un asalto con la mano armada, seguramente va dejar la funci\u00f3n, y c\u00f3mo entonces vamos a solucionar el problema de falta de operadores si las carreteras no son lo suficientemente seguras\u201d, asest\u00f3.<\/p>\n\n\n\n<p>Esta situaci\u00f3n, destac\u00f3, podr\u00eda generar una falta de abastecimiento de productos en diversos puntos de la Rep\u00fablica Mexicana; pues adem\u00e1s, confirm\u00f3, ya existen camiones parados en sus bases por falta de choferes.<\/p>\n\n\n\n<p>\u201cCon falta de operadores, camiones parados, d\u00edgame si un empresario de transporte va ir a la tienda y va comprar un cami\u00f3n si no tiene operadores para los camiones que ya tiene, si el pa\u00eds sigue creciendo el riesgo es que nuestra actividad no crezca al ritmo que el pa\u00eds necesita\u201d.<\/p>\n\n\n\n<p>Es por ello que lanz\u00f3 un exhorto al presidente Andr\u00e9s Manuel L\u00f3pez Obrador, d\u00f3nde solicit\u00f3 al Ejecutivo Federal, se cumpla con el compromiso de brindar la seguridad en las carreteras de M\u00e9xico, pues incluso, esto es parte de la inflaci\u00f3n que viven hoy los ciudadanos.<\/p>\n\n\n\n<p>Al aumentar los robos, las p\u00f3lizas de seguro han aumentando hasta un 40 por ciento, lo cual incide en el costos del transporte y con ello, el incremento de los productos que se trasladan.<\/p>\n\n\n\n<p>\u201cEl fortalecimiento de seguridad en las carreteras, donde habl\u00f3 de que hab\u00eda m\u00e1s de 12 mil elementos y 2 mil 300 veh\u00edculos para garantizar la seguridad en las carreteras, yo nada m\u00e1s quiero saber d\u00f3nde est\u00e1n porque no las vemos. Lo que queremos es que las carreteras sean seguras y si el presidente de la Rep\u00fablica conoce la parte de seguridad como un problema que incide en la inflaci\u00f3n hay que atacarlo\u201d.<\/p>\n","protected":false},"excerpt":{"rendered":"<p>Alejandro \u00c1vila Boca del R\u00edo, Ver.- Debido a la inseguridad que impera en las carreteras de la entidad veracruzana, existe un d\u00e9ficit de conductores de transporte de carga, asegur\u00f3 Jos\u00e9 Ram\u00f3n Medrano Ibarra, presidente nacional de la C\u00e1mara Nacional del Autotransporte de Carga. Los n\u00fameros, mencion\u00f3, son alarmantes, pues tan solo en la Rep\u00fablica Mexicana [&hellip;]<\/p>\n","protected":false},"author":1,"featured_media":30411,"comment_status":"open","ping_status":"open","sticky":false,"template":"","format":"standard","meta":{"_jetpack_memberships_contains_paid_content":false,"footnotes":""},"categories":[2],"tags":[],"class_list":["post-30410","post","type-post","status-publish","format-standard","has-post-thumbnail","hentry","category-estado"],"jetpack_featured_media_url":"https:\/\/encuentroinformativo.com.mx\/wp-content\/uploads\/2022\/08\/5F5FFA1E-92A9-4E76-A1C2-6052462EF638.jpeg","jetpack_sharing_enabled":true,"jetpack_likes_enabled":true,"amp_enabled":true,"_links":{"self":[{"href":"https:\/\/encuentroinformativo.com.mx\/index.php?rest_route=\/wp\/v2\/posts\/30410","targetHints":{"allow":["GET"]}}],"collection":[{"href":"https:\/\/encuentroinformativo.com.mx\/index.php?rest_route=\/wp\/v2\/posts"}],"about":[{"href":"https:\/\/encuentroinformativo.com.mx\/index.php?rest_route=\/wp\/v2\/types\/post"}],"author":[{"embeddable":true,"href":"https:\/\/encuentroinformativo.com.mx\/index.php?rest_route=\/wp\/v2\/users\/1"}],"replies":[{"embeddable":true,"href":"https:\/\/encuentroinformativo.com.mx\/index.php?rest_route=%2Fwp%2Fv2%2Fcomments&post=30410"}],"version-history":[{"count":1,"href":"https:\/\/encuentroinformativo.com.mx\/index.php?rest_route=\/wp\/v2\/posts\/30410\/revisions"}],"predecessor-version":[{"id":30412,"href":"https:\/\/encuentroinformativo.com.mx\/index.php?rest_route=\/wp\/v2\/posts\/30410\/revisions\/30412"}],"wp:featuredmedia":[{"embeddable":true,"href":"https:\/\/encuentroinformativo.com.mx\/index.php?rest_route=\/wp\/v2\/media\/30411"}],"wp:attachment":[{"href":"https:\/\/encuentroinformativo.com.mx\/index.php?rest_route=%2Fwp%2Fv2%2Fmedia&parent=30410"}],"wp:term":[{"taxonomy":"category","embeddable":true,"href":"https:\/\/encuentroinformativo.com.mx\/index.php?rest_route=%2Fwp%2Fv2%2Fcategories&post=30410"},{"taxonomy":"post_tag","embeddable":true,"href":"https:\/\/encuentroinformativo.com.mx\/index.php?rest_route=%2Fwp%2Fv2%2Ftags&post=30410"}],"curies":[{"name":"wp","href":"https:\/\/api.w.org\/{rel}","templated":true}]}}