{"id":30413,"date":"2022-08-10T13:03:05","date_gmt":"2022-08-10T18:03:05","guid":{"rendered":"https:\/\/encuentroinformativo.com.mx\/?p=30413"},"modified":"2022-08-10T13:03:07","modified_gmt":"2022-08-10T18:03:07","slug":"participara-gobernador-en-reunion-de-consejo-directivo-nacional-de-concamin","status":"publish","type":"post","link":"https:\/\/encuentroinformativo.com.mx\/?p=30413","title":{"rendered":"Participar\u00e1 Gobernador en reuni\u00f3n de Consejo Directivo Nacional de CONCAMIN"},"content":{"rendered":"\n<p><strong>Alejandro \u00c1vila<\/strong><\/p>\n\n\n\n<p>Veracruz, Ver.- El gobernador de Veracruz, Cuitl\u00e1huac Garc\u00eda Jim\u00e9nez, estar\u00e1 presente en la reuni\u00f3n del Consejo Directivo Nacional de la CONCAMIN.<\/p>\n\n\n\n<p>Esta reuni\u00f3n estar\u00e1 encabezada por el presidente nacional de CONCAMIN, Jos\u00e9 Antonio Abugaber Andonie; tras las gestiones realizadas por el coordinador en Veracruz de la CONCAMIN, \u00c1ngel Chah\u00edn Maluly.<\/p>\n\n\n\n<p>Durante la gira se tocar\u00e1n temas relacionados a la industria nacional y particularmente la de Veracruz, donde se dar\u00e1n a conocer las inversiones que realizan los empresarios veracruzanos en las diferentes regiones de la entidad; con ello, tambi\u00e9n se busca incentivar al capital nacional e internacional a invertir en Veracruz.<\/p>\n\n\n\n<p>Este mi\u00e9rcoles iniciaron es un programa de actividades en la ciudad de Orizaba, con la presencia del alcalde, Juan Manuel Diez Francos.<\/p>\n\n\n\n<p>Adem\u00e1s, se llevar\u00e1n a cabo reuniones con directivos de empresas asociadas a la AIEVAC, como Tenaris-Tamsa, Talleres y Aceros, Cervecer\u00eda Cuauht\u00e9moc Moctezuma, Kimberly Clark, Cafiver, Holcim M\u00e9xico, Gas del Noroeste,&nbsp; Industrias Chah\u00edn, Alimentos Balanceados Ochoa, Fletes Hesa, Innophos Fosfatados de M\u00e9xico, Celanese Operations, Industria Qu\u00edmica del Istmo, Coca Cola Femsa, Braskem Idesa, Manufacturera 3M, Fondo de Inversi\u00f3n Veracruz, Grupo CICE, Constructora e Inmobiliaria R\u00edo Medio, Construcciones MS, entre otras.&nbsp;<\/p>\n\n\n\n<p>El jueves 11, en Boca del R\u00edo se llevar\u00e1 a cabo la junta de Consejo Directivo, para posteriormente sostener otro encuentro con los organismos empresariales de la entidad veracruzana.&nbsp;<\/p>\n\n\n\n<p>En dicho encuentro se contar\u00e1 con la presencia del Gobernador del Estado, Cuitl\u00e1huac Garc\u00eda Jim\u00e9nez, y el Senador de la Rep\u00fablica, Ernesto P\u00e9rez Astorga con quien el sector empresarial mantiene un di\u00e1logo permanente que sirve de v\u00ednculo con la federaci\u00f3n.<\/p>\n","protected":false},"excerpt":{"rendered":"<p>Alejandro \u00c1vila Veracruz, Ver.- El gobernador de Veracruz, Cuitl\u00e1huac Garc\u00eda Jim\u00e9nez, estar\u00e1 presente en la reuni\u00f3n del Consejo Directivo Nacional de la CONCAMIN. Esta reuni\u00f3n estar\u00e1 encabezada por el presidente nacional de CONCAMIN, Jos\u00e9 Antonio Abugaber Andonie; tras las gestiones realizadas por el coordinador en Veracruz de la CONCAMIN, \u00c1ngel Chah\u00edn Maluly. Durante la gira [&hellip;]<\/p>\n","protected":false},"author":1,"featured_media":30414,"comment_status":"open","ping_status":"open","sticky":false,"template":"","format":"standard","meta":{"_jetpack_memberships_contains_paid_content":false,"footnotes":""},"categories":[2],"tags":[],"class_list":["post-30413","post","type-post","status-publish","format-standard","has-post-thumbnail","hentry","category-estado"],"jetpack_featured_media_url":"https:\/\/encuentroinformativo.com.mx\/wp-content\/uploads\/2022\/08\/599C47C0-812A-4D66-80DF-ECADBCC5968D.jpeg","jetpack_sharing_enabled":true,"jetpack_likes_enabled":true,"amp_enabled":true,"_links":{"self":[{"href":"https:\/\/encuentroinformativo.com.mx\/index.php?rest_route=\/wp\/v2\/posts\/30413","targetHints":{"allow":["GET"]}}],"collection":[{"href":"https:\/\/encuentroinformativo.com.mx\/index.php?rest_route=\/wp\/v2\/posts"}],"about":[{"href":"https:\/\/encuentroinformativo.com.mx\/index.php?rest_route=\/wp\/v2\/types\/post"}],"author":[{"embeddable":true,"href":"https:\/\/encuentroinformativo.com.mx\/index.php?rest_route=\/wp\/v2\/users\/1"}],"replies":[{"embeddable":true,"href":"https:\/\/encuentroinformativo.com.mx\/index.php?rest_route=%2Fwp%2Fv2%2Fcomments&post=30413"}],"version-history":[{"count":1,"href":"https:\/\/encuentroinformativo.com.mx\/index.php?rest_route=\/wp\/v2\/posts\/30413\/revisions"}],"predecessor-version":[{"id":30415,"href":"https:\/\/encuentroinformativo.com.mx\/index.php?rest_route=\/wp\/v2\/posts\/30413\/revisions\/30415"}],"wp:featuredmedia":[{"embeddable":true,"href":"https:\/\/encuentroinformativo.com.mx\/index.php?rest_route=\/wp\/v2\/media\/30414"}],"wp:attachment":[{"href":"https:\/\/encuentroinformativo.com.mx\/index.php?rest_route=%2Fwp%2Fv2%2Fmedia&parent=30413"}],"wp:term":[{"taxonomy":"category","embeddable":true,"href":"https:\/\/encuentroinformativo.com.mx\/index.php?rest_route=%2Fwp%2Fv2%2Fcategories&post=30413"},{"taxonomy":"post_tag","embeddable":true,"href":"https:\/\/encuentroinformativo.com.mx\/index.php?rest_route=%2Fwp%2Fv2%2Ftags&post=30413"}],"curies":[{"name":"wp","href":"https:\/\/api.w.org\/{rel}","templated":true}]}}