{"id":30416,"date":"2022-08-10T13:06:01","date_gmt":"2022-08-10T18:06:01","guid":{"rendered":"https:\/\/encuentroinformativo.com.mx\/?p=30416"},"modified":"2022-08-10T13:06:04","modified_gmt":"2022-08-10T18:06:04","slug":"boca-del-rio-tendra-primer-guarderia-nocturna","status":"publish","type":"post","link":"https:\/\/encuentroinformativo.com.mx\/?p=30416","title":{"rendered":"Boca del R\u00edo tendr\u00e1 primer Guarder\u00eda Nocturna"},"content":{"rendered":"\n<p><strong>Alejandro \u00c1vila<\/strong><\/p>\n\n\n\n<p>Boca del R\u00edo, Ver.- La emprendedora, Citlalli P\u00e9rez Rueda mencion\u00f3 que, en pr\u00f3ximos d\u00edas estar\u00e1 disponible la primer Guarder\u00eda Nocturna en el municipio de Boca del R\u00edo.<\/p>\n\n\n\n<p>Se trata de un espacio que brindar\u00e1 apoyo a los padres de familia que por alguna situaci\u00f3n deban ocuparse por las noches, en este sitio, que contara con actividades recreativas, los padres podr\u00e1n dejar a sus peque\u00f1os mientras cumple con otros compromisos.<\/p>\n\n\n\n<p>&#8220;Los fines de semana vamos a tener Guardia Nocturna. Es una guarder\u00eda para los ni\u00f1os que sus mamis tengan compromiso y no tengan donde dejar a sus hijos, y es de 8 de la noche a 2 de la ma\u00f1ana&#8221;, apunt\u00f3.<\/p>\n\n\n\n<p>Ludotiti, como se llama la empresa, se encuentra en este momento realizando un Curso de Verano L\u00fadico, el cual inici\u00f3 el pasado 8 de agosto y culminar\u00e1 el 26 de agosto.<\/p>\n\n\n\n<p>Citlalli P\u00e9rez, invit\u00f3 a los peque\u00f1os de entre 4 y 10 a\u00f1os a acudir a este curso,&nbsp; d\u00f3nde podr\u00e1n realizar actividades como yoga, ingl\u00e9s, teatro, adem\u00e1s de expresiones art\u00edsticas y recreativas al aire libre, en horario de 9 de la ma\u00f1ana a 3 de la tarde.<\/p>\n\n\n\n<p>Al t\u00e9rmino de este Curso de Verano la ludoteca continuar\u00e1 en funcionamiento, solo que con un horario m\u00e1s amplio, es decir, de 9 de la ma\u00f1ana a 7 de la noche.<\/p>\n\n\n\n<p>Los interesados pueden pedir informes a los tel\u00e9fonos 2282 302296 y 2291 122094.<\/p>\n","protected":false},"excerpt":{"rendered":"<p>Alejandro \u00c1vila Boca del R\u00edo, Ver.- La emprendedora, Citlalli P\u00e9rez Rueda mencion\u00f3 que, en pr\u00f3ximos d\u00edas estar\u00e1 disponible la primer Guarder\u00eda Nocturna en el municipio de Boca del R\u00edo. Se trata de un espacio que brindar\u00e1 apoyo a los padres de familia que por alguna situaci\u00f3n deban ocuparse por las noches, en este sitio, que [&hellip;]<\/p>\n","protected":false},"author":1,"featured_media":30417,"comment_status":"open","ping_status":"open","sticky":false,"template":"","format":"standard","meta":{"_jetpack_memberships_contains_paid_content":false,"footnotes":""},"categories":[2],"tags":[],"class_list":["post-30416","post","type-post","status-publish","format-standard","has-post-thumbnail","hentry","category-estado"],"jetpack_featured_media_url":"https:\/\/encuentroinformativo.com.mx\/wp-content\/uploads\/2022\/08\/84DCAA6F-C71C-42D4-87F1-518A67A6BC59.jpeg","jetpack_sharing_enabled":true,"jetpack_likes_enabled":true,"amp_enabled":true,"_links":{"self":[{"href":"https:\/\/encuentroinformativo.com.mx\/index.php?rest_route=\/wp\/v2\/posts\/30416","targetHints":{"allow":["GET"]}}],"collection":[{"href":"https:\/\/encuentroinformativo.com.mx\/index.php?rest_route=\/wp\/v2\/posts"}],"about":[{"href":"https:\/\/encuentroinformativo.com.mx\/index.php?rest_route=\/wp\/v2\/types\/post"}],"author":[{"embeddable":true,"href":"https:\/\/encuentroinformativo.com.mx\/index.php?rest_route=\/wp\/v2\/users\/1"}],"replies":[{"embeddable":true,"href":"https:\/\/encuentroinformativo.com.mx\/index.php?rest_route=%2Fwp%2Fv2%2Fcomments&post=30416"}],"version-history":[{"count":1,"href":"https:\/\/encuentroinformativo.com.mx\/index.php?rest_route=\/wp\/v2\/posts\/30416\/revisions"}],"predecessor-version":[{"id":30418,"href":"https:\/\/encuentroinformativo.com.mx\/index.php?rest_route=\/wp\/v2\/posts\/30416\/revisions\/30418"}],"wp:featuredmedia":[{"embeddable":true,"href":"https:\/\/encuentroinformativo.com.mx\/index.php?rest_route=\/wp\/v2\/media\/30417"}],"wp:attachment":[{"href":"https:\/\/encuentroinformativo.com.mx\/index.php?rest_route=%2Fwp%2Fv2%2Fmedia&parent=30416"}],"wp:term":[{"taxonomy":"category","embeddable":true,"href":"https:\/\/encuentroinformativo.com.mx\/index.php?rest_route=%2Fwp%2Fv2%2Fcategories&post=30416"},{"taxonomy":"post_tag","embeddable":true,"href":"https:\/\/encuentroinformativo.com.mx\/index.php?rest_route=%2Fwp%2Fv2%2Ftags&post=30416"}],"curies":[{"name":"wp","href":"https:\/\/api.w.org\/{rel}","templated":true}]}}