{"id":30419,"date":"2022-08-10T13:42:33","date_gmt":"2022-08-10T18:42:33","guid":{"rendered":"https:\/\/encuentroinformativo.com.mx\/?p=30419"},"modified":"2022-08-10T13:42:36","modified_gmt":"2022-08-10T18:42:36","slug":"sev-sin-adeudos-al-magisterio-afirma-oficial-mayor","status":"publish","type":"post","link":"https:\/\/encuentroinformativo.com.mx\/?p=30419","title":{"rendered":"SEV sin adeudos al Magisterio, afirma Oficial Mayor"},"content":{"rendered":"\n<p><strong>Dar\u00edo Pale <\/strong><\/p>\n\n\n\n<p>Xalapa, Ver.- Ya no queda ning\u00fan pendiente de pagar a los trabajadores del magisterio as\u00ed lo inform\u00f3 la Oficial Mayor de la Secretar\u00eda de Educaci\u00f3n de Veracruz (SEV), Ariadna Selene Aguilar Amaya.<\/p>\n\n\n\n<p>En entrevista, dio a conocer que ya se solventaron los adeudos en la quincena 16 tal como se ten\u00eda contemplado.<\/p>\n\n\n\n<p>&#8220;Ya estamos al corriente de todos los pagos, incluso ya se pag\u00f3 la promoci\u00f3n horizontal que estaba pendiente de salir el a\u00f1o pasado, ya estamos al corriente con todos los pagos&#8221;, se\u00f1al\u00f3.<\/p>\n\n\n\n<p>Coment\u00f3 que se solventaron adeudos para unos 940 docentes y trabajadores del sector educativo.<\/p>\n\n\n\n<p>Por otra parte, Aguilar Amaya explic\u00f3 que para que haya permutas, es m\u00e1s dif\u00edcil porque se tiene que cambiar a un maestro por otro y que \u00e9ste decida intercambiar los lugares.<\/p>\n\n\n\n<p>Sobre los Reconocimientos de Validez Oficial de Estudios (RVOE), de la Universidad de El Conde, mencion\u00f3 que se ha dado seguimiento porque lo que est\u00e1 en juego es la salud de los ciudadanos.<\/p>\n\n\n\n<p>&#8220;Sab\u00edamos que hab\u00eda algunas intervenciones, incluso de personas que no eran m\u00e9dicos, sino que con cursos, les daban una maestr\u00eda y con eso pretend\u00edan hacer operaciones&#8221;, acus\u00f3.<\/p>\n\n\n\n<p>Finalmente se\u00f1al\u00f3 que &#8220;se est\u00e1 regulando esa parte, tengo entendido que el Secretario la est\u00e1 atendiendo porque es muy importante conservar la salud de los veracruzanos&#8221;.<\/p>\n","protected":false},"excerpt":{"rendered":"<p>Dar\u00edo Pale Xalapa, Ver.- Ya no queda ning\u00fan pendiente de pagar a los trabajadores del magisterio as\u00ed lo inform\u00f3 la Oficial Mayor de la Secretar\u00eda de Educaci\u00f3n de Veracruz (SEV), Ariadna Selene Aguilar Amaya. En entrevista, dio a conocer que ya se solventaron los adeudos en la quincena 16 tal como se ten\u00eda contemplado. &#8220;Ya [&hellip;]<\/p>\n","protected":false},"author":1,"featured_media":30420,"comment_status":"open","ping_status":"open","sticky":false,"template":"","format":"standard","meta":{"_jetpack_memberships_contains_paid_content":false,"footnotes":""},"categories":[2],"tags":[],"class_list":["post-30419","post","type-post","status-publish","format-standard","has-post-thumbnail","hentry","category-estado"],"jetpack_featured_media_url":"https:\/\/encuentroinformativo.com.mx\/wp-content\/uploads\/2022\/08\/FB655A04-17A8-4A11-96B3-7A957918DA46.jpeg","jetpack_sharing_enabled":true,"jetpack_likes_enabled":true,"amp_enabled":true,"_links":{"self":[{"href":"https:\/\/encuentroinformativo.com.mx\/index.php?rest_route=\/wp\/v2\/posts\/30419","targetHints":{"allow":["GET"]}}],"collection":[{"href":"https:\/\/encuentroinformativo.com.mx\/index.php?rest_route=\/wp\/v2\/posts"}],"about":[{"href":"https:\/\/encuentroinformativo.com.mx\/index.php?rest_route=\/wp\/v2\/types\/post"}],"author":[{"embeddable":true,"href":"https:\/\/encuentroinformativo.com.mx\/index.php?rest_route=\/wp\/v2\/users\/1"}],"replies":[{"embeddable":true,"href":"https:\/\/encuentroinformativo.com.mx\/index.php?rest_route=%2Fwp%2Fv2%2Fcomments&post=30419"}],"version-history":[{"count":1,"href":"https:\/\/encuentroinformativo.com.mx\/index.php?rest_route=\/wp\/v2\/posts\/30419\/revisions"}],"predecessor-version":[{"id":30421,"href":"https:\/\/encuentroinformativo.com.mx\/index.php?rest_route=\/wp\/v2\/posts\/30419\/revisions\/30421"}],"wp:featuredmedia":[{"embeddable":true,"href":"https:\/\/encuentroinformativo.com.mx\/index.php?rest_route=\/wp\/v2\/media\/30420"}],"wp:attachment":[{"href":"https:\/\/encuentroinformativo.com.mx\/index.php?rest_route=%2Fwp%2Fv2%2Fmedia&parent=30419"}],"wp:term":[{"taxonomy":"category","embeddable":true,"href":"https:\/\/encuentroinformativo.com.mx\/index.php?rest_route=%2Fwp%2Fv2%2Fcategories&post=30419"},{"taxonomy":"post_tag","embeddable":true,"href":"https:\/\/encuentroinformativo.com.mx\/index.php?rest_route=%2Fwp%2Fv2%2Ftags&post=30419"}],"curies":[{"name":"wp","href":"https:\/\/api.w.org\/{rel}","templated":true}]}}