{"id":3042,"date":"2020-06-03T13:30:08","date_gmt":"2020-06-03T18:30:08","guid":{"rendered":"https:\/\/encuentroinformativo.com\/?p=3042"},"modified":"2020-06-03T13:30:19","modified_gmt":"2020-06-03T18:30:19","slug":"supervisan-uso-de-cubrebocas-en-conductores-de-transporte","status":"publish","type":"post","link":"https:\/\/encuentroinformativo.com.mx\/?p=3042","title":{"rendered":"Supervisan uso de cubrebocas en conductores de transporte"},"content":{"rendered":"\n<p><strong>Dar\u00edo Pale <\/strong><\/p>\n\n\n\n<p>Xalapa, Ver.- El delegado de Transporte P\u00fablico en Xalapa Noe Gonz\u00e1lez dio a conocer que desafortunadamente algunos choferes y pasajeros se rehusan a usar cubrebocas, esto a pesar del aumento de contagios de Covid-19 en la capital, usuarios y choferes del transporte p\u00fablico se resisten a usar cubrebocas.<\/p>\n\n\n\n<p>Entrevistado en las calles del centro de la capital se\u00f1al\u00f3 que hasta ahora los taxistas y choferes de autobuses cumplen con la recomendaci\u00f3n de reducir a la mitad el n\u00famero del cupo de pasajeros para garantizar la &#8220;sana distancia&#8221;, pero no usan cubrebocas.<\/p>\n\n\n\n<p>&#8220;Del cubrebocas sabemos que para muchos es molesto, pero desgraciadamente hay que utilizarlo y se les exhorta al buen uso del cubrebocas. Se les est\u00e1 haciendo el exhorto de ocuparlo y a los mismos pasajeros. De igual forma se les hace el exhorto a los pasajeros que lo utilicen debidamente porque muchos lo traen colgado en el volante y en la oreja nada m\u00e1s&#8221;, se\u00f1al\u00f3.<\/p>\n\n\n\n<p>Este mi\u00e9rcoles elementos de esta Direcci\u00f3n General de Transporte P\u00fablico entregaron cubrebocas y exhortaron a su uso a automovilistas en la calle Enr\u00edquez, en el centro de esta capital.<\/p>\n\n\n\n<p>De acuerdo al \u00faltimo reporte de la Secretar\u00eda de Salud en el Estado, en Xalapa actualmente hay 87 casos confirmados a Covid-19 y 7 defunciones por esta enfermedad.<\/p>\n\n\n\n<p><\/p>\n","protected":false},"excerpt":{"rendered":"<p>Dar\u00edo Pale Xalapa, Ver.- El delegado de Transporte P\u00fablico en Xalapa Noe Gonz\u00e1lez dio a conocer que desafortunadamente algunos choferes y pasajeros se rehusan a usar cubrebocas, esto a pesar del aumento de contagios de Covid-19 en la capital, usuarios y choferes del transporte p\u00fablico se resisten a usar cubrebocas. Entrevistado en las calles del [&hellip;]<\/p>\n","protected":false},"author":1,"featured_media":3043,"comment_status":"open","ping_status":"open","sticky":false,"template":"","format":"standard","meta":{"_jetpack_memberships_contains_paid_content":false,"footnotes":""},"categories":[2],"tags":[],"class_list":["post-3042","post","type-post","status-publish","format-standard","has-post-thumbnail","hentry","category-estado"],"jetpack_featured_media_url":"https:\/\/encuentroinformativo.com.mx\/wp-content\/uploads\/2020\/06\/9FB41D98-2898-42CB-AF25-5A96E14DBF4C.jpeg","jetpack_sharing_enabled":true,"jetpack_likes_enabled":true,"amp_enabled":true,"_links":{"self":[{"href":"https:\/\/encuentroinformativo.com.mx\/index.php?rest_route=\/wp\/v2\/posts\/3042","targetHints":{"allow":["GET"]}}],"collection":[{"href":"https:\/\/encuentroinformativo.com.mx\/index.php?rest_route=\/wp\/v2\/posts"}],"about":[{"href":"https:\/\/encuentroinformativo.com.mx\/index.php?rest_route=\/wp\/v2\/types\/post"}],"author":[{"embeddable":true,"href":"https:\/\/encuentroinformativo.com.mx\/index.php?rest_route=\/wp\/v2\/users\/1"}],"replies":[{"embeddable":true,"href":"https:\/\/encuentroinformativo.com.mx\/index.php?rest_route=%2Fwp%2Fv2%2Fcomments&post=3042"}],"version-history":[{"count":1,"href":"https:\/\/encuentroinformativo.com.mx\/index.php?rest_route=\/wp\/v2\/posts\/3042\/revisions"}],"predecessor-version":[{"id":3044,"href":"https:\/\/encuentroinformativo.com.mx\/index.php?rest_route=\/wp\/v2\/posts\/3042\/revisions\/3044"}],"wp:featuredmedia":[{"embeddable":true,"href":"https:\/\/encuentroinformativo.com.mx\/index.php?rest_route=\/wp\/v2\/media\/3043"}],"wp:attachment":[{"href":"https:\/\/encuentroinformativo.com.mx\/index.php?rest_route=%2Fwp%2Fv2%2Fmedia&parent=3042"}],"wp:term":[{"taxonomy":"category","embeddable":true,"href":"https:\/\/encuentroinformativo.com.mx\/index.php?rest_route=%2Fwp%2Fv2%2Fcategories&post=3042"},{"taxonomy":"post_tag","embeddable":true,"href":"https:\/\/encuentroinformativo.com.mx\/index.php?rest_route=%2Fwp%2Fv2%2Ftags&post=3042"}],"curies":[{"name":"wp","href":"https:\/\/api.w.org\/{rel}","templated":true}]}}