{"id":30422,"date":"2022-08-10T13:50:07","date_gmt":"2022-08-10T18:50:07","guid":{"rendered":"https:\/\/encuentroinformativo.com.mx\/?p=30422"},"modified":"2022-08-10T13:50:11","modified_gmt":"2022-08-10T18:50:11","slug":"fiscalia-tiene-lineas-de-investigacion-por-asesinato-de-ex-alcalde-gobernador","status":"publish","type":"post","link":"https:\/\/encuentroinformativo.com.mx\/?p=30422","title":{"rendered":"Fiscal\u00eda tiene l\u00edneas de investigaci\u00f3n por asesinato de ex alcalde: Gobernador"},"content":{"rendered":"\n<p><strong>Dar\u00edo Pale <\/strong><\/p>\n\n\n\n<p>Xalapa, Ver.- La Fiscal\u00eda General del Estado (FGE) ya tiene algunas l\u00edneas de investigaci\u00f3n por el crimen de exalcalde de Rafael Lucio Jos\u00e9 Allan Libreros, as\u00ed lo afirm\u00f3 el gobernador de Veracruz Cuitl\u00e1huac Garc\u00eda Jim\u00e9nez.<\/p>\n\n\n\n<p>Entrevistado en Ciudad Mendoza, asegur\u00f3 que dar\u00e1 seguimiento al homicidio del exedil, quien fue baleado la noche de este martes, alrededor de las 21:00 horas cuando se trasladaba en su veh\u00edculo hacia su domicilio.<\/p>\n\n\n\n<p>&#8220;Ya con la Fiscal tenemos algunas l\u00edneas y ella va a seguir la investigaci\u00f3n tambi\u00e9n. Vamos a estar d\u00e1ndole seguimiento estos d\u00edas hasta dar con los responsables, vamos a garantizar justicia nuevamente como lo hemos hecho en los otros casos&#8221;, se\u00f1al\u00f3.<\/p>\n\n\n\n<p>Finalmente el Ejecutivo coment\u00f3 que la Fiscal\u00eda General del Estado toma este tipo de casos &#8220;muy en serio&#8221; y determina las l\u00edneas de investigaci\u00f3n y da con los responsables.<\/p>\n","protected":false},"excerpt":{"rendered":"<p>Dar\u00edo Pale Xalapa, Ver.- La Fiscal\u00eda General del Estado (FGE) ya tiene algunas l\u00edneas de investigaci\u00f3n por el crimen de exalcalde de Rafael Lucio Jos\u00e9 Allan Libreros, as\u00ed lo afirm\u00f3 el gobernador de Veracruz Cuitl\u00e1huac Garc\u00eda Jim\u00e9nez. Entrevistado en Ciudad Mendoza, asegur\u00f3 que dar\u00e1 seguimiento al homicidio del exedil, quien fue baleado la noche de [&hellip;]<\/p>\n","protected":false},"author":1,"featured_media":30423,"comment_status":"open","ping_status":"open","sticky":false,"template":"","format":"standard","meta":{"_jetpack_memberships_contains_paid_content":false,"footnotes":""},"categories":[2],"tags":[],"class_list":["post-30422","post","type-post","status-publish","format-standard","has-post-thumbnail","hentry","category-estado"],"jetpack_featured_media_url":"https:\/\/encuentroinformativo.com.mx\/wp-content\/uploads\/2022\/08\/94C1E8D5-F90D-4C4A-AA10-C1F2D85F7329.jpeg","jetpack_sharing_enabled":true,"jetpack_likes_enabled":true,"amp_enabled":true,"_links":{"self":[{"href":"https:\/\/encuentroinformativo.com.mx\/index.php?rest_route=\/wp\/v2\/posts\/30422","targetHints":{"allow":["GET"]}}],"collection":[{"href":"https:\/\/encuentroinformativo.com.mx\/index.php?rest_route=\/wp\/v2\/posts"}],"about":[{"href":"https:\/\/encuentroinformativo.com.mx\/index.php?rest_route=\/wp\/v2\/types\/post"}],"author":[{"embeddable":true,"href":"https:\/\/encuentroinformativo.com.mx\/index.php?rest_route=\/wp\/v2\/users\/1"}],"replies":[{"embeddable":true,"href":"https:\/\/encuentroinformativo.com.mx\/index.php?rest_route=%2Fwp%2Fv2%2Fcomments&post=30422"}],"version-history":[{"count":1,"href":"https:\/\/encuentroinformativo.com.mx\/index.php?rest_route=\/wp\/v2\/posts\/30422\/revisions"}],"predecessor-version":[{"id":30424,"href":"https:\/\/encuentroinformativo.com.mx\/index.php?rest_route=\/wp\/v2\/posts\/30422\/revisions\/30424"}],"wp:featuredmedia":[{"embeddable":true,"href":"https:\/\/encuentroinformativo.com.mx\/index.php?rest_route=\/wp\/v2\/media\/30423"}],"wp:attachment":[{"href":"https:\/\/encuentroinformativo.com.mx\/index.php?rest_route=%2Fwp%2Fv2%2Fmedia&parent=30422"}],"wp:term":[{"taxonomy":"category","embeddable":true,"href":"https:\/\/encuentroinformativo.com.mx\/index.php?rest_route=%2Fwp%2Fv2%2Fcategories&post=30422"},{"taxonomy":"post_tag","embeddable":true,"href":"https:\/\/encuentroinformativo.com.mx\/index.php?rest_route=%2Fwp%2Fv2%2Ftags&post=30422"}],"curies":[{"name":"wp","href":"https:\/\/api.w.org\/{rel}","templated":true}]}}