{"id":30425,"date":"2022-08-10T13:57:48","date_gmt":"2022-08-10T18:57:48","guid":{"rendered":"https:\/\/encuentroinformativo.com.mx\/?p=30425"},"modified":"2022-08-10T13:57:52","modified_gmt":"2022-08-10T18:57:52","slug":"hasta-200-pesos-cobran-por-cargar-combustible-en-el-sardinero","status":"publish","type":"post","link":"https:\/\/encuentroinformativo.com.mx\/?p=30425","title":{"rendered":"Hasta 200 pesos cobran por cargar combustible en El Sardinero"},"content":{"rendered":"\n<p><strong>Alejandro \u00c1vila<\/strong><\/p>\n\n\n\n<p>Boca del R\u00edo, Ver.- Una cuota de hasta 200 pesos pagan los transportistas por cargar combustible en el complejo &#8220;El Sardinero&#8221;, ubicado en el puerto de Veracruz.<\/p>\n\n\n\n<p>Ante esta situaci\u00f3n, el delegado en Veracruz de la C\u00e1mara Nacional de Autotransporte de Carga (CANACAR), Luis Exsome Zapata se\u00f1al\u00f3 que, est\u00e1n buscando los medios para homologar las leyes federales de movilidad con las del Estado de Veracruz.<\/p>\n\n\n\n<p>\u201cLo que vemos es un tema a nivel nacional, para m\u00ed es una medida recaudatoria en cada estado (\u2026) por entrar ejemplo al Sardinero que era una instalaci\u00f3n que estaba a las afueras de la ciudad y hoy quedo adentro, compa\u00f1eros transportistas de l\u00edquidos que les cobran por entrar a cargar\u201d.&nbsp;<\/p>\n\n\n\n<p>Exsome Zapata, mencion\u00f3 que s\u00ed bien entienden que hay problemas de movilidad vial, el cobro de cuotas de hasta 200 pesos considera que no es la soluci\u00f3n.&nbsp;<\/p>\n\n\n\n<p>Otra de las problem\u00e1ticas a resolver es el tema de las gr\u00faas, ya que dijo estas son \u201cuna pesadilla\u201d a nivel nacional debido a que las tarifas son injustas y los concesionarios abusan.<\/p>\n","protected":false},"excerpt":{"rendered":"<p>Alejandro \u00c1vila Boca del R\u00edo, Ver.- Una cuota de hasta 200 pesos pagan los transportistas por cargar combustible en el complejo &#8220;El Sardinero&#8221;, ubicado en el puerto de Veracruz. Ante esta situaci\u00f3n, el delegado en Veracruz de la C\u00e1mara Nacional de Autotransporte de Carga (CANACAR), Luis Exsome Zapata se\u00f1al\u00f3 que, est\u00e1n buscando los medios para [&hellip;]<\/p>\n","protected":false},"author":1,"featured_media":30426,"comment_status":"open","ping_status":"open","sticky":false,"template":"","format":"standard","meta":{"_jetpack_memberships_contains_paid_content":false,"footnotes":""},"categories":[2],"tags":[],"class_list":["post-30425","post","type-post","status-publish","format-standard","has-post-thumbnail","hentry","category-estado"],"jetpack_featured_media_url":"https:\/\/encuentroinformativo.com.mx\/wp-content\/uploads\/2022\/08\/AC55601A-2580-4953-AF83-B2C8514510AD.jpeg","jetpack_sharing_enabled":true,"jetpack_likes_enabled":true,"amp_enabled":true,"_links":{"self":[{"href":"https:\/\/encuentroinformativo.com.mx\/index.php?rest_route=\/wp\/v2\/posts\/30425","targetHints":{"allow":["GET"]}}],"collection":[{"href":"https:\/\/encuentroinformativo.com.mx\/index.php?rest_route=\/wp\/v2\/posts"}],"about":[{"href":"https:\/\/encuentroinformativo.com.mx\/index.php?rest_route=\/wp\/v2\/types\/post"}],"author":[{"embeddable":true,"href":"https:\/\/encuentroinformativo.com.mx\/index.php?rest_route=\/wp\/v2\/users\/1"}],"replies":[{"embeddable":true,"href":"https:\/\/encuentroinformativo.com.mx\/index.php?rest_route=%2Fwp%2Fv2%2Fcomments&post=30425"}],"version-history":[{"count":1,"href":"https:\/\/encuentroinformativo.com.mx\/index.php?rest_route=\/wp\/v2\/posts\/30425\/revisions"}],"predecessor-version":[{"id":30427,"href":"https:\/\/encuentroinformativo.com.mx\/index.php?rest_route=\/wp\/v2\/posts\/30425\/revisions\/30427"}],"wp:featuredmedia":[{"embeddable":true,"href":"https:\/\/encuentroinformativo.com.mx\/index.php?rest_route=\/wp\/v2\/media\/30426"}],"wp:attachment":[{"href":"https:\/\/encuentroinformativo.com.mx\/index.php?rest_route=%2Fwp%2Fv2%2Fmedia&parent=30425"}],"wp:term":[{"taxonomy":"category","embeddable":true,"href":"https:\/\/encuentroinformativo.com.mx\/index.php?rest_route=%2Fwp%2Fv2%2Fcategories&post=30425"},{"taxonomy":"post_tag","embeddable":true,"href":"https:\/\/encuentroinformativo.com.mx\/index.php?rest_route=%2Fwp%2Fv2%2Ftags&post=30425"}],"curies":[{"name":"wp","href":"https:\/\/api.w.org\/{rel}","templated":true}]}}