{"id":30432,"date":"2022-08-10T19:57:03","date_gmt":"2022-08-11T00:57:03","guid":{"rendered":"https:\/\/encuentroinformativo.com.mx\/?p=30432"},"modified":"2022-08-10T19:57:07","modified_gmt":"2022-08-11T00:57:07","slug":"muere-comerciante-baleado-en-papantla","status":"publish","type":"post","link":"https:\/\/encuentroinformativo.com.mx\/?p=30432","title":{"rendered":"Muere comerciante baleado en Papantla"},"content":{"rendered":"\n<p><strong>Alejandro \u00c1vila<\/strong><\/p>\n\n\n\n<p>Papantla, Ver.- Manuel V.H. de 31 a\u00f1os de edad y de oficio comerciante, perdi\u00f3 la vida la ma\u00f1ana de este jueves en el Hospital Civil de Papantla, producto de las lesiones que le ocasionaron dos impactos de bala.<\/p>\n\n\n\n<p>Es de mencionar que, este martes por la tarde se notific\u00f3 de la agresi\u00f3n con arma de fuego a un sujeto en la comunidad de Agua Dulce.<\/p>\n\n\n\n<p>Los reportes de la Polic\u00eda Municipal indicaban que dos sujetos a bordo de una motocicleta detonaron su arma en dos ocasiones, en contra de una persona conocida como &#8220;El Cr\u00e1neo&#8221;, qui\u00e9n es comerciante de lim\u00f3n.<\/p>\n\n\n\n<p>Los elementos de seguridad acudieron a la calle Jos\u00e9 Mar\u00eda Carmona esquina Tres de Mayo, en las inmediaciones del campo deportivo &#8220;Los Nopalitos&#8221;, tras el reporte de los vecinos al n\u00famero de emergencia 911.<\/p>\n\n\n\n<p>El agredido, se pudo conocer, era oriundo de la localidad de R\u00edo Claro, y presentaba una herida en la regi\u00f3n abdominal, y otra m\u00e1s en la regi\u00f3n tor\u00e1xica, por lo que fue trasladado al Hospital Civil de urgencia.<\/p>\n\n\n\n<p>Familiares del occiso exigen a las autoridades correspondientes, dar con los responsables del asesinato.<\/p>\n","protected":false},"excerpt":{"rendered":"<p>Alejandro \u00c1vila Papantla, Ver.- Manuel V.H. de 31 a\u00f1os de edad y de oficio comerciante, perdi\u00f3 la vida la ma\u00f1ana de este jueves en el Hospital Civil de Papantla, producto de las lesiones que le ocasionaron dos impactos de bala. Es de mencionar que, este martes por la tarde se notific\u00f3 de la agresi\u00f3n con [&hellip;]<\/p>\n","protected":false},"author":1,"featured_media":30433,"comment_status":"open","ping_status":"open","sticky":false,"template":"","format":"standard","meta":{"_jetpack_memberships_contains_paid_content":false,"footnotes":""},"categories":[14],"tags":[],"class_list":["post-30432","post","type-post","status-publish","format-standard","has-post-thumbnail","hentry","category-policiaca"],"jetpack_featured_media_url":"https:\/\/encuentroinformativo.com.mx\/wp-content\/uploads\/2022\/08\/E7EDD340-EE62-4F3D-AC69-CBEA3C35298A.jpeg","jetpack_sharing_enabled":true,"jetpack_likes_enabled":true,"amp_enabled":true,"_links":{"self":[{"href":"https:\/\/encuentroinformativo.com.mx\/index.php?rest_route=\/wp\/v2\/posts\/30432","targetHints":{"allow":["GET"]}}],"collection":[{"href":"https:\/\/encuentroinformativo.com.mx\/index.php?rest_route=\/wp\/v2\/posts"}],"about":[{"href":"https:\/\/encuentroinformativo.com.mx\/index.php?rest_route=\/wp\/v2\/types\/post"}],"author":[{"embeddable":true,"href":"https:\/\/encuentroinformativo.com.mx\/index.php?rest_route=\/wp\/v2\/users\/1"}],"replies":[{"embeddable":true,"href":"https:\/\/encuentroinformativo.com.mx\/index.php?rest_route=%2Fwp%2Fv2%2Fcomments&post=30432"}],"version-history":[{"count":1,"href":"https:\/\/encuentroinformativo.com.mx\/index.php?rest_route=\/wp\/v2\/posts\/30432\/revisions"}],"predecessor-version":[{"id":30434,"href":"https:\/\/encuentroinformativo.com.mx\/index.php?rest_route=\/wp\/v2\/posts\/30432\/revisions\/30434"}],"wp:featuredmedia":[{"embeddable":true,"href":"https:\/\/encuentroinformativo.com.mx\/index.php?rest_route=\/wp\/v2\/media\/30433"}],"wp:attachment":[{"href":"https:\/\/encuentroinformativo.com.mx\/index.php?rest_route=%2Fwp%2Fv2%2Fmedia&parent=30432"}],"wp:term":[{"taxonomy":"category","embeddable":true,"href":"https:\/\/encuentroinformativo.com.mx\/index.php?rest_route=%2Fwp%2Fv2%2Fcategories&post=30432"},{"taxonomy":"post_tag","embeddable":true,"href":"https:\/\/encuentroinformativo.com.mx\/index.php?rest_route=%2Fwp%2Fv2%2Ftags&post=30432"}],"curies":[{"name":"wp","href":"https:\/\/api.w.org\/{rel}","templated":true}]}}