{"id":30438,"date":"2022-08-11T09:45:18","date_gmt":"2022-08-11T14:45:18","guid":{"rendered":"https:\/\/encuentroinformativo.com.mx\/?p=30438"},"modified":"2022-08-11T09:45:22","modified_gmt":"2022-08-11T14:45:22","slug":"por-concluir-convocatoria-para-recibir-medalla-heberto-castillo","status":"publish","type":"post","link":"https:\/\/encuentroinformativo.com.mx\/?p=30438","title":{"rendered":"Por concluir convocatoria para recibir medalla &#8220;Heberto Castillo&#8221;"},"content":{"rendered":"\n<p><strong>Alejandro \u00c1vila<\/strong><\/p>\n\n\n\n<p>Veracruz, Ver.- El pr\u00f3ximo viernes 12 de agosto concluye la convocatoria de recepci\u00f3n de propuestas para la medalla &#8220;Heberto Castillo Mart\u00ednez&#8221;, que otorga el Congreso del Estado de Veracruz a lo m\u00e1s sobresaliente de la ciencia o la investigaci\u00f3n.<\/p>\n\n\n\n<p>La Presidenta de la Comisi\u00f3n de Ciencia y Tecnolog\u00eda, Ver\u00f3nica Pulido Herrera, record\u00f3 que este premio fue suspendido hace dos a\u00f1os debido a la pandemia de Covid-19, y este a\u00f1o se volver\u00e1 a otorgar el galard\u00f3n, de manos del gobernador, Cuitl\u00e1huac Garc\u00eda Jim\u00e9nez, el pr\u00f3ximo 23 de agosto en Sesi\u00f3n Solemne en la Legislatura del Estado.<\/p>\n\n\n\n<p>La diputada Presidenta exhort\u00f3 a las Instituciones Educativas de investigaci\u00f3n cient\u00edfica y tecnol\u00f3gica, asociaciones civiles y culturales, as\u00ed como colegios de profesionistas, a qu\u00e9 inscriban sus propuestas de veracruzanos destacados en la Ciencia y Tecnolog\u00eda, y de los cuales consideren, sea importante reconocerles su aportaci\u00f3n a M\u00e9xico y el mundo.<\/p>\n\n\n\n<p>La panista detall\u00f3 que, la pr\u00f3xima semana, la Comisi\u00f3n de Ciencia y Tecnolog\u00eda, la cual preside, determinar\u00e1 en conjunto con la secretaria, Perla Eufemia Romero Rodr\u00edguez, y el vocal, Juan Enrique Santos Mendoza, a trav\u00e9s de una sesi\u00f3n, la terna definitiva, con base en los meritos de cada aspirante.<\/p>\n\n\n\n<p>El ganador de la medalla &#8220;Heberto Castillo Mart\u00ednez&#8221;, ser\u00e1 decidido por mayor\u00eda en el Pleno del Congreso de Veracruz el pr\u00f3ximo 23 de agosto.<\/p>\n\n\n\n<p>Es de recordar que en 2019, fue el investigador de la Universidad Veracruzana, Marco Antonio Rodr\u00edguez Revoredo, el primer galardonado con la presea, tras impulsar un programa de alfabetizaci\u00f3n para sordos (Alas UV).<\/p>\n","protected":false},"excerpt":{"rendered":"<p>Alejandro \u00c1vila Veracruz, Ver.- El pr\u00f3ximo viernes 12 de agosto concluye la convocatoria de recepci\u00f3n de propuestas para la medalla &#8220;Heberto Castillo Mart\u00ednez&#8221;, que otorga el Congreso del Estado de Veracruz a lo m\u00e1s sobresaliente de la ciencia o la investigaci\u00f3n. La Presidenta de la Comisi\u00f3n de Ciencia y Tecnolog\u00eda, Ver\u00f3nica Pulido Herrera, record\u00f3 que [&hellip;]<\/p>\n","protected":false},"author":1,"featured_media":30439,"comment_status":"open","ping_status":"open","sticky":false,"template":"","format":"standard","meta":{"_jetpack_memberships_contains_paid_content":false,"footnotes":""},"categories":[2],"tags":[],"class_list":["post-30438","post","type-post","status-publish","format-standard","has-post-thumbnail","hentry","category-estado"],"jetpack_featured_media_url":"https:\/\/encuentroinformativo.com.mx\/wp-content\/uploads\/2022\/08\/B4F5E666-1014-47F0-A605-5317937E200A.jpeg","jetpack_sharing_enabled":true,"jetpack_likes_enabled":true,"amp_enabled":true,"_links":{"self":[{"href":"https:\/\/encuentroinformativo.com.mx\/index.php?rest_route=\/wp\/v2\/posts\/30438","targetHints":{"allow":["GET"]}}],"collection":[{"href":"https:\/\/encuentroinformativo.com.mx\/index.php?rest_route=\/wp\/v2\/posts"}],"about":[{"href":"https:\/\/encuentroinformativo.com.mx\/index.php?rest_route=\/wp\/v2\/types\/post"}],"author":[{"embeddable":true,"href":"https:\/\/encuentroinformativo.com.mx\/index.php?rest_route=\/wp\/v2\/users\/1"}],"replies":[{"embeddable":true,"href":"https:\/\/encuentroinformativo.com.mx\/index.php?rest_route=%2Fwp%2Fv2%2Fcomments&post=30438"}],"version-history":[{"count":1,"href":"https:\/\/encuentroinformativo.com.mx\/index.php?rest_route=\/wp\/v2\/posts\/30438\/revisions"}],"predecessor-version":[{"id":30440,"href":"https:\/\/encuentroinformativo.com.mx\/index.php?rest_route=\/wp\/v2\/posts\/30438\/revisions\/30440"}],"wp:featuredmedia":[{"embeddable":true,"href":"https:\/\/encuentroinformativo.com.mx\/index.php?rest_route=\/wp\/v2\/media\/30439"}],"wp:attachment":[{"href":"https:\/\/encuentroinformativo.com.mx\/index.php?rest_route=%2Fwp%2Fv2%2Fmedia&parent=30438"}],"wp:term":[{"taxonomy":"category","embeddable":true,"href":"https:\/\/encuentroinformativo.com.mx\/index.php?rest_route=%2Fwp%2Fv2%2Fcategories&post=30438"},{"taxonomy":"post_tag","embeddable":true,"href":"https:\/\/encuentroinformativo.com.mx\/index.php?rest_route=%2Fwp%2Fv2%2Ftags&post=30438"}],"curies":[{"name":"wp","href":"https:\/\/api.w.org\/{rel}","templated":true}]}}