{"id":30456,"date":"2022-08-11T14:50:48","date_gmt":"2022-08-11T19:50:48","guid":{"rendered":"https:\/\/encuentroinformativo.com.mx\/?p=30456"},"modified":"2022-08-11T14:50:52","modified_gmt":"2022-08-11T19:50:52","slug":"solo-8-6-de-veracruzanos-habla-una-lengua-indigena","status":"publish","type":"post","link":"https:\/\/encuentroinformativo.com.mx\/?p=30456","title":{"rendered":"Solo 8.6% de veracruzanos habla una lengua ind\u00edgena"},"content":{"rendered":"\n<p><strong>Juan Arcos <\/strong><\/p>\n\n\n\n<p>Xalapa, Ver.- En el estado de Veracruz solo el 8.6 por ciento de la poblaci\u00f3n habla una lengua ind\u00edgena, revela el Instituto Nacional de Estad\u00edstica, Geograf\u00eda e Informaci\u00f3n (INEGI).<\/p>\n\n\n\n<p>Con base en los resultados del Cuestionario Ampliado del Censo de Poblaci\u00f3n y Vivienda 2020, se estima que, de acuerdo con su cultura, 23.2 millones de personas de tres a\u00f1os y m\u00e1s se autoidentificaron como ind\u00edgenas.<\/p>\n\n\n\n<p>De ellas, 51.4 por ciento (11.9 millones) fueron mujeres y 48.6 por ciento (11.3 millones), hombres.<\/p>\n\n\n\n<p>De los 23.2 millones de personas que se autoidentificaron como ind\u00edgenas, 7.1 millones (30.8 por ciento) hablaban alguna lengua ind\u00edgena y 16.1 millones (69.2 por ciento), no.<\/p>\n\n\n\n<p>En 2020, se contabilizaron 2 millones 858 mil 588 hogares censales ind\u00edgenas, lo que se traduce en 8.1 por ciento del total de hogares censales (35 millones 219 mil 141) en M\u00e9xico.<\/p>\n\n\n\n<p>En el Censo de Poblaci\u00f3n y Vivienda 2020 se identific\u00f3 que en M\u00e9xico hab\u00eda 7 millones 364 mil 645 personas de tres a\u00f1os y m\u00e1s hablantes de alguna lengua ind\u00edgena, lo que equivale a 6.1 por ciento de la poblaci\u00f3n total de ese rango de edad. De \u00e9sta, 51.4 por ciento (3 millones 783 mil 447) eran mujeres y 48.6 por ciento (3 millones 581 mil 198), hombres.<\/p>\n\n\n\n<p>De las 7.4 millones de personas de tres a\u00f1os y m\u00e1s hablantes de alguna lengua ind\u00edgena, 6.4 millones (87.2 por ciento) tambi\u00e9n hablaban espa\u00f1ol y 866 mil (11.8 por ciento), no.<\/p>\n\n\n\n<p>Las entidades federativas con mayor porcentaje de poblaci\u00f3n hablante de lengua ind\u00edgena fueron: Oaxaca (31.2 por ciento), Chiapas (28.2 por ciento), Yucat\u00e1n (23.7 por ciento) y Guerrero (15.5 por ciento).\u00a0<br>Estas cuatro entidades acumularon 50.5 por ciento del total de hablantes de lengua ind\u00edgena en el pa\u00eds.<\/p>\n\n\n\n<p>La Asamblea General de las Naciones Unidas estableci\u00f3 el 9 de agosto de cada a\u00f1o como el D\u00eda Internacional de los Pueblos Ind\u00edgenas.<\/p>\n","protected":false},"excerpt":{"rendered":"<p>Juan Arcos Xalapa, Ver.- En el estado de Veracruz solo el 8.6 por ciento de la poblaci\u00f3n habla una lengua ind\u00edgena, revela el Instituto Nacional de Estad\u00edstica, Geograf\u00eda e Informaci\u00f3n (INEGI). Con base en los resultados del Cuestionario Ampliado del Censo de Poblaci\u00f3n y Vivienda 2020, se estima que, de acuerdo con su cultura, 23.2 [&hellip;]<\/p>\n","protected":false},"author":1,"featured_media":30457,"comment_status":"open","ping_status":"open","sticky":false,"template":"","format":"standard","meta":{"_jetpack_memberships_contains_paid_content":false,"footnotes":""},"categories":[2],"tags":[],"class_list":["post-30456","post","type-post","status-publish","format-standard","has-post-thumbnail","hentry","category-estado"],"jetpack_featured_media_url":"https:\/\/encuentroinformativo.com.mx\/wp-content\/uploads\/2022\/08\/5364493F-91CC-4ED1-A2A4-ECDCC4893525.jpeg","jetpack_sharing_enabled":true,"jetpack_likes_enabled":true,"amp_enabled":true,"_links":{"self":[{"href":"https:\/\/encuentroinformativo.com.mx\/index.php?rest_route=\/wp\/v2\/posts\/30456","targetHints":{"allow":["GET"]}}],"collection":[{"href":"https:\/\/encuentroinformativo.com.mx\/index.php?rest_route=\/wp\/v2\/posts"}],"about":[{"href":"https:\/\/encuentroinformativo.com.mx\/index.php?rest_route=\/wp\/v2\/types\/post"}],"author":[{"embeddable":true,"href":"https:\/\/encuentroinformativo.com.mx\/index.php?rest_route=\/wp\/v2\/users\/1"}],"replies":[{"embeddable":true,"href":"https:\/\/encuentroinformativo.com.mx\/index.php?rest_route=%2Fwp%2Fv2%2Fcomments&post=30456"}],"version-history":[{"count":1,"href":"https:\/\/encuentroinformativo.com.mx\/index.php?rest_route=\/wp\/v2\/posts\/30456\/revisions"}],"predecessor-version":[{"id":30458,"href":"https:\/\/encuentroinformativo.com.mx\/index.php?rest_route=\/wp\/v2\/posts\/30456\/revisions\/30458"}],"wp:featuredmedia":[{"embeddable":true,"href":"https:\/\/encuentroinformativo.com.mx\/index.php?rest_route=\/wp\/v2\/media\/30457"}],"wp:attachment":[{"href":"https:\/\/encuentroinformativo.com.mx\/index.php?rest_route=%2Fwp%2Fv2%2Fmedia&parent=30456"}],"wp:term":[{"taxonomy":"category","embeddable":true,"href":"https:\/\/encuentroinformativo.com.mx\/index.php?rest_route=%2Fwp%2Fv2%2Fcategories&post=30456"},{"taxonomy":"post_tag","embeddable":true,"href":"https:\/\/encuentroinformativo.com.mx\/index.php?rest_route=%2Fwp%2Fv2%2Ftags&post=30456"}],"curies":[{"name":"wp","href":"https:\/\/api.w.org\/{rel}","templated":true}]}}