{"id":3046,"date":"2020-06-03T13:42:59","date_gmt":"2020-06-03T18:42:59","guid":{"rendered":"https:\/\/encuentroinformativo.com\/?p=3046"},"modified":"2020-06-03T13:43:01","modified_gmt":"2020-06-03T18:43:01","slug":"registra-coatepec-segunda-defuncion-por-covid","status":"publish","type":"post","link":"https:\/\/encuentroinformativo.com.mx\/?p=3046","title":{"rendered":"Registra Coatepec segunda defunci\u00f3n por Covid"},"content":{"rendered":"\n<p><strong>Juan Arcos <\/strong><\/p>\n\n\n\n<p>Coatepec, Ver.- En el municipio de Coatepec se registr\u00f3 la segunda defunci\u00f3n por Covid-19.<\/p>\n\n\n\n<p>El alcalde Luis Enrique Fern\u00e1ndez Peredo dio a conocer que, con base en informaci\u00f3n de la Secretar\u00eda de Salud, tambi\u00e9n aument\u00f3 la cifra de casos positivos y ahora son ocho.<\/p>\n\n\n\n<p>La noche del lunes se inform\u00f3 qu\u00e9 solo hab\u00eda cinco casos en investigaci\u00f3n y siete confirmados.<\/p>\n\n\n\n<p>Sin embargo, despu\u00e9s de la actualizaci\u00f3n, con corte hasta la noche del martes, el n\u00famero de casos en investigaci\u00f3n subi\u00f3 a nueve.<\/p>\n\n\n\n<p>El Presidente Municipal reiter\u00f3 que el ayuntamiento determin\u00f3 el uso obligatorio de cubrebocas, caretas o protectores faciales, con el objetivo de reducir el riesgo de contagio.<\/p>\n\n\n\n<p>En ese sentido, explic\u00f3 que, como primera fase de su ejecuci\u00f3n se sensibilizar\u00e1 a la poblaci\u00f3n de la necesidad de su uso y se obsequiar\u00e1n en los puntos de mayor movilidad.<\/p>\n\n\n\n<p>\u201cExhortamos a la poblaci\u00f3n a llevar a cabo esta medida para evitar ser sancionados en t\u00e9rminos del Bando de Polic\u00eda y Buen Gobierno\u201d, sentenci\u00f3.<\/p>\n\n\n\n<p>Con fundamento en el art\u00edculo 82 y dem\u00e1s aplicables del Bando de Polic\u00eda y Gobierno del Municipio de Coatepec, las sanciones contemplan: amonestaci\u00f3n, multa de dos a cinco mil d\u00edas de salario m\u00ednimo, arresto hasta por 36 horas y trabajo en favor de la comunidad.<\/p>\n\n\n\n<p>En diversos puntos del Pueblo M\u00e1gicos, sobre todo en las inmediaciones del mercado Miguel Rebolledo, se observa a transe\u00fantes y comerciantes sin protecci\u00f3n facial.<\/p>\n\n\n\n<p>La gente tambi\u00e9n ha manifestado su inconformidad por la falta de medidas sanitarias en camiones del transporte p\u00fablico.<\/p>\n\n\n\n<p><\/p>\n","protected":false},"excerpt":{"rendered":"<p>Juan Arcos Coatepec, Ver.- En el municipio de Coatepec se registr\u00f3 la segunda defunci\u00f3n por Covid-19. El alcalde Luis Enrique Fern\u00e1ndez Peredo dio a conocer que, con base en informaci\u00f3n de la Secretar\u00eda de Salud, tambi\u00e9n aument\u00f3 la cifra de casos positivos y ahora son ocho. La noche del lunes se inform\u00f3 qu\u00e9 solo hab\u00eda [&hellip;]<\/p>\n","protected":false},"author":1,"featured_media":2351,"comment_status":"open","ping_status":"open","sticky":false,"template":"","format":"standard","meta":{"_jetpack_memberships_contains_paid_content":false,"footnotes":""},"categories":[9],"tags":[],"class_list":["post-3046","post","type-post","status-publish","format-standard","has-post-thumbnail","hentry","category-salud"],"jetpack_featured_media_url":"https:\/\/encuentroinformativo.com.mx\/wp-content\/uploads\/2020\/05\/522D61A0-D1DF-46AB-9827-32EE7BD28BE7.jpeg","jetpack_sharing_enabled":true,"jetpack_likes_enabled":true,"amp_enabled":true,"_links":{"self":[{"href":"https:\/\/encuentroinformativo.com.mx\/index.php?rest_route=\/wp\/v2\/posts\/3046","targetHints":{"allow":["GET"]}}],"collection":[{"href":"https:\/\/encuentroinformativo.com.mx\/index.php?rest_route=\/wp\/v2\/posts"}],"about":[{"href":"https:\/\/encuentroinformativo.com.mx\/index.php?rest_route=\/wp\/v2\/types\/post"}],"author":[{"embeddable":true,"href":"https:\/\/encuentroinformativo.com.mx\/index.php?rest_route=\/wp\/v2\/users\/1"}],"replies":[{"embeddable":true,"href":"https:\/\/encuentroinformativo.com.mx\/index.php?rest_route=%2Fwp%2Fv2%2Fcomments&post=3046"}],"version-history":[{"count":1,"href":"https:\/\/encuentroinformativo.com.mx\/index.php?rest_route=\/wp\/v2\/posts\/3046\/revisions"}],"predecessor-version":[{"id":3047,"href":"https:\/\/encuentroinformativo.com.mx\/index.php?rest_route=\/wp\/v2\/posts\/3046\/revisions\/3047"}],"wp:featuredmedia":[{"embeddable":true,"href":"https:\/\/encuentroinformativo.com.mx\/index.php?rest_route=\/wp\/v2\/media\/2351"}],"wp:attachment":[{"href":"https:\/\/encuentroinformativo.com.mx\/index.php?rest_route=%2Fwp%2Fv2%2Fmedia&parent=3046"}],"wp:term":[{"taxonomy":"category","embeddable":true,"href":"https:\/\/encuentroinformativo.com.mx\/index.php?rest_route=%2Fwp%2Fv2%2Fcategories&post=3046"},{"taxonomy":"post_tag","embeddable":true,"href":"https:\/\/encuentroinformativo.com.mx\/index.php?rest_route=%2Fwp%2Fv2%2Ftags&post=3046"}],"curies":[{"name":"wp","href":"https:\/\/api.w.org\/{rel}","templated":true}]}}