{"id":30460,"date":"2022-08-11T15:53:09","date_gmt":"2022-08-11T20:53:09","guid":{"rendered":"https:\/\/encuentroinformativo.com.mx\/?p=30460"},"modified":"2022-08-11T15:53:13","modified_gmt":"2022-08-11T20:53:13","slug":"trabajadores-se-quejan-de-carencias-en-hospital-de-rio-blanco","status":"publish","type":"post","link":"https:\/\/encuentroinformativo.com.mx\/?p=30460","title":{"rendered":"Trabajadores se quejan de carencias en hospital de R\u00edo Blanco"},"content":{"rendered":"\n<p><strong>Dar\u00edo Pale<\/strong><\/p>\n\n\n\n<p>Xalapa, Ver.- El Hospital regional de R\u00edo Blanco atraviesa por una de sus peores crisis, ya que desde hace 15 d\u00edas aproximadamente se descompuso el elevador que conectan de manera directa a los pisos de urgencias y maternidad entre otras, dejando as\u00ed a cientos de pacientes y empleados sin posibilidad de movilizarse r\u00e1pidamente.<\/p>\n\n\n\n<p>De manera an\u00f3nima denunciaron que mientras las autoridades del nosocomio disfrutan del per\u00edodo vacacional de verano, el lugar se cae en pesados pues adem\u00e1s hay goteras, humedad, y dem\u00e1s que no s\u00f3lo denotan falta de mantenimiento sino que ponen en riesgo la vida e integridad de los pacientes toda vez que tampoco se cuenta con los insumos suficientes.<\/p>\n\n\n\n<p>Dieron a conocer que para poder componer los tres elevadores hace falta una inversi\u00f3n de aproximadamente 28 mil pesos, mismos que ellos aseguran en su queja &#8220;se tienen porque se facturan 50 mil de desechables cuando se supone que se deben usar las vajillas y lavarlas&#8221;.<\/p>\n\n\n\n<p>Dieron a conocer que Adri\u00e1n Flores Su\u00e1rez \u00a0es el administrador del sitio y hasta el momento no ha emitido comentario alguno en torno al tema, en tanto que, su sobrino Bruno Flores Hern\u00e1ndez encargado de recursos materiales tampoco ha dado la cara.\u00a0La situaci\u00f3n obliga al personal a subir pacientes cargando, subir embarazadas por escaleras y adultos y ni\u00f1os que van a quimioterapias hasta el tercer piso por las escaleras y dem\u00e1s, de lo que hicieron llegar algunas evidencias en im\u00e1genes.<\/p>\n\n\n\n<p>Los quejosos refirieron tambi\u00e9n que mientras eso sucede, &#8220;el administrador anda en Espa\u00f1a de paseo, porque \u00a0es protegido del director administrativo Jorge Eduardo Sisniega Fernandez&#8221;.<\/p>\n\n\n\n<p>Finalmente se\u00f1alaron que el llamado de los trabajadores es a la Secretar\u00eda de Salud en el estado, y al propio gobernador Cuitl\u00e1huac Garc\u00eda Jim\u00e9nez para que se ponga un alto a la situaci\u00f3n y sobretodo se deje de poner en riesgo la vida de cientos de pacientes que diariamente son atendidos en dicho lugar.<\/p>\n","protected":false},"excerpt":{"rendered":"<p>Dar\u00edo Pale Xalapa, Ver.- El Hospital regional de R\u00edo Blanco atraviesa por una de sus peores crisis, ya que desde hace 15 d\u00edas aproximadamente se descompuso el elevador que conectan de manera directa a los pisos de urgencias y maternidad entre otras, dejando as\u00ed a cientos de pacientes y empleados sin posibilidad de movilizarse r\u00e1pidamente. [&hellip;]<\/p>\n","protected":false},"author":1,"featured_media":30461,"comment_status":"open","ping_status":"open","sticky":false,"template":"","format":"standard","meta":{"_jetpack_memberships_contains_paid_content":false,"footnotes":""},"categories":[9],"tags":[],"class_list":["post-30460","post","type-post","status-publish","format-standard","has-post-thumbnail","hentry","category-salud"],"jetpack_featured_media_url":"https:\/\/encuentroinformativo.com.mx\/wp-content\/uploads\/2022\/08\/41A32C52-5B33-4226-B7F5-6A78FADC15A0.jpeg","jetpack_sharing_enabled":true,"jetpack_likes_enabled":true,"amp_enabled":true,"_links":{"self":[{"href":"https:\/\/encuentroinformativo.com.mx\/index.php?rest_route=\/wp\/v2\/posts\/30460","targetHints":{"allow":["GET"]}}],"collection":[{"href":"https:\/\/encuentroinformativo.com.mx\/index.php?rest_route=\/wp\/v2\/posts"}],"about":[{"href":"https:\/\/encuentroinformativo.com.mx\/index.php?rest_route=\/wp\/v2\/types\/post"}],"author":[{"embeddable":true,"href":"https:\/\/encuentroinformativo.com.mx\/index.php?rest_route=\/wp\/v2\/users\/1"}],"replies":[{"embeddable":true,"href":"https:\/\/encuentroinformativo.com.mx\/index.php?rest_route=%2Fwp%2Fv2%2Fcomments&post=30460"}],"version-history":[{"count":1,"href":"https:\/\/encuentroinformativo.com.mx\/index.php?rest_route=\/wp\/v2\/posts\/30460\/revisions"}],"predecessor-version":[{"id":30462,"href":"https:\/\/encuentroinformativo.com.mx\/index.php?rest_route=\/wp\/v2\/posts\/30460\/revisions\/30462"}],"wp:featuredmedia":[{"embeddable":true,"href":"https:\/\/encuentroinformativo.com.mx\/index.php?rest_route=\/wp\/v2\/media\/30461"}],"wp:attachment":[{"href":"https:\/\/encuentroinformativo.com.mx\/index.php?rest_route=%2Fwp%2Fv2%2Fmedia&parent=30460"}],"wp:term":[{"taxonomy":"category","embeddable":true,"href":"https:\/\/encuentroinformativo.com.mx\/index.php?rest_route=%2Fwp%2Fv2%2Fcategories&post=30460"},{"taxonomy":"post_tag","embeddable":true,"href":"https:\/\/encuentroinformativo.com.mx\/index.php?rest_route=%2Fwp%2Fv2%2Ftags&post=30460"}],"curies":[{"name":"wp","href":"https:\/\/api.w.org\/{rel}","templated":true}]}}