{"id":30463,"date":"2022-08-11T16:16:58","date_gmt":"2022-08-11T21:16:58","guid":{"rendered":"https:\/\/encuentroinformativo.com.mx\/?p=30463"},"modified":"2022-08-11T16:17:01","modified_gmt":"2022-08-11T21:17:01","slug":"anuncian-festival-del-queso-en-tlalixcoyan","status":"publish","type":"post","link":"https:\/\/encuentroinformativo.com.mx\/?p=30463","title":{"rendered":"Anuncian &#8220;Festival del Queso&#8221; en Tlalixcoyan"},"content":{"rendered":"\n<p><strong>Alejandro \u00c1vila<\/strong><\/p>\n\n\n\n<p>Veracruz, Ver.- El pr\u00f3ximo 15 de agosto se lleva se llevar\u00e1 a cabo en la cabecera municipal de Tlalixcoyan la &#8220;Feria del Queso&#8221;, d\u00f3nde se pretende romper el r\u00e9cord mundial de 42 metros qu\u00e9 se enfrent\u00f3 hace 3 a\u00f1os.<\/p>\n\n\n\n<p>Elvia Illescas Loyo, alcaldesa de Tlalixcoyan detall\u00f3 que ser\u00e1n cerca de 15 productores provenientes de Paso de la Boca, Cocuite, Paso de Carreta y la misma cabecera municipal de Tlalixcoyan; qui\u00e9nes tambi\u00e9n presentar\u00e1n una exposici\u00f3n de gastronom\u00eda, con venta a visitantes y locales.<\/p>\n\n\n\n<p>&#8220;Son m\u00e1s de 7 mil litros (de leche), los que se tienen contemplados, para romper el r\u00e9cord que se tiene de 42 metros (\u2026) el d\u00eda 15 de agosto a partir de las 12 del d\u00eda, ah\u00ed es cuando empieza el evento cultural, el corte de queso es a partir de las 2 de la tarde, porque como sabemos todo lleva un proceso, se empieza a elaborar todo a partir de las 9 de la ma\u00f1ana&#8221;, enfatiz\u00f3.<\/p>\n\n\n\n<p>El &#8220;Festival del Queso&#8221; en Tlalixcoyan es solo un d\u00eda, y seg\u00fan los datos de a\u00f1os anteriores, se estima una derrama econ\u00f3mica de alrededor de medio mill\u00f3n de pesos.<\/p>\n\n\n\n<p>&#8220;Es una actividad que se viene haciendo desde hace 27 a\u00f1os, entonces los queseros tambi\u00e9n esperan la elaboraci\u00f3n de este queso&#8221;, se\u00f1al\u00f3.<\/p>\n\n\n\n<p>Elvia Illescas Loyo dijo que, la elaboraci\u00f3n del queso en Tlalixcoyan a\u00fan no est\u00e1 inscrita en el R\u00e9cord Guiness; sin embargo, asegur\u00f3, s\u00ed es un r\u00e9cord en la Rep\u00fablica Mexicana.<\/p>\n","protected":false},"excerpt":{"rendered":"<p>Alejandro \u00c1vila Veracruz, Ver.- El pr\u00f3ximo 15 de agosto se lleva se llevar\u00e1 a cabo en la cabecera municipal de Tlalixcoyan la &#8220;Feria del Queso&#8221;, d\u00f3nde se pretende romper el r\u00e9cord mundial de 42 metros qu\u00e9 se enfrent\u00f3 hace 3 a\u00f1os. Elvia Illescas Loyo, alcaldesa de Tlalixcoyan detall\u00f3 que ser\u00e1n cerca de 15 productores provenientes [&hellip;]<\/p>\n","protected":false},"author":1,"featured_media":30464,"comment_status":"open","ping_status":"open","sticky":false,"template":"","format":"standard","meta":{"_jetpack_memberships_contains_paid_content":false,"footnotes":""},"categories":[2],"tags":[],"class_list":["post-30463","post","type-post","status-publish","format-standard","has-post-thumbnail","hentry","category-estado"],"jetpack_featured_media_url":"https:\/\/encuentroinformativo.com.mx\/wp-content\/uploads\/2022\/08\/6BF1E3BB-A770-4187-AA95-FFABFE8F8332.jpeg","jetpack_sharing_enabled":true,"jetpack_likes_enabled":true,"amp_enabled":true,"_links":{"self":[{"href":"https:\/\/encuentroinformativo.com.mx\/index.php?rest_route=\/wp\/v2\/posts\/30463","targetHints":{"allow":["GET"]}}],"collection":[{"href":"https:\/\/encuentroinformativo.com.mx\/index.php?rest_route=\/wp\/v2\/posts"}],"about":[{"href":"https:\/\/encuentroinformativo.com.mx\/index.php?rest_route=\/wp\/v2\/types\/post"}],"author":[{"embeddable":true,"href":"https:\/\/encuentroinformativo.com.mx\/index.php?rest_route=\/wp\/v2\/users\/1"}],"replies":[{"embeddable":true,"href":"https:\/\/encuentroinformativo.com.mx\/index.php?rest_route=%2Fwp%2Fv2%2Fcomments&post=30463"}],"version-history":[{"count":1,"href":"https:\/\/encuentroinformativo.com.mx\/index.php?rest_route=\/wp\/v2\/posts\/30463\/revisions"}],"predecessor-version":[{"id":30465,"href":"https:\/\/encuentroinformativo.com.mx\/index.php?rest_route=\/wp\/v2\/posts\/30463\/revisions\/30465"}],"wp:featuredmedia":[{"embeddable":true,"href":"https:\/\/encuentroinformativo.com.mx\/index.php?rest_route=\/wp\/v2\/media\/30464"}],"wp:attachment":[{"href":"https:\/\/encuentroinformativo.com.mx\/index.php?rest_route=%2Fwp%2Fv2%2Fmedia&parent=30463"}],"wp:term":[{"taxonomy":"category","embeddable":true,"href":"https:\/\/encuentroinformativo.com.mx\/index.php?rest_route=%2Fwp%2Fv2%2Fcategories&post=30463"},{"taxonomy":"post_tag","embeddable":true,"href":"https:\/\/encuentroinformativo.com.mx\/index.php?rest_route=%2Fwp%2Fv2%2Ftags&post=30463"}],"curies":[{"name":"wp","href":"https:\/\/api.w.org\/{rel}","templated":true}]}}