{"id":30466,"date":"2022-08-11T16:24:06","date_gmt":"2022-08-11T21:24:06","guid":{"rendered":"https:\/\/encuentroinformativo.com.mx\/?p=30466"},"modified":"2022-08-11T16:24:10","modified_gmt":"2022-08-11T21:24:10","slug":"bienestar-sera-nuevo-encargado-de-acreditar-en-inapam-manuel-huerta","status":"publish","type":"post","link":"https:\/\/encuentroinformativo.com.mx\/?p=30466","title":{"rendered":"Bienestar ser\u00e1 nuevo encargado de acreditar en INAPAM: Manuel Huerta"},"content":{"rendered":"\n<p><strong>Alejandro \u00c1vila<\/strong><\/p>\n\n\n\n<p>Veracruz, Ver.- La Secretar\u00eda del Bienestar ser\u00e1 la nueva encargada de acreditar las incorporaciones al programa de INAPAM, por lo que a partir del pr\u00f3ximo 16 de agosto, comenzar\u00e1 el registro de los nuevos integrantes del padr\u00f3n, mencion\u00f3 el delegado Federal, Manuel Huerta Ladr\u00f3n de Guevara.<\/p>\n\n\n\n<p>Se presume que aproximadamente 1 mill\u00f3n de veracruzanos mayores de 60 a\u00f1os, se registren como nuevos integrantes del programa, en los 216 m\u00f3dulos que se instalar\u00e1n en la entidad.<\/p>\n\n\n\n<p>\u201cEl 16 de agosto se aperturar\u00e1n 216 m\u00f3dulos en el estado de Veracruz para que los mayores de 60 a\u00f1os puedan ir, el objetivo es ampliar la cobertura, ampliar y mejorar los convenios que se tienen y beneficios para los mayores de 60 a\u00f1os. La credencial es en autom\u00e1tico, ese d\u00eda que llegan, ese d\u00eda se le entrega, ya daremos los requisitos\u201d, dijo.<\/p>\n\n\n\n<p>Resalt\u00f3 que los adultos mayores de 60 a\u00f1os que ya tienen su credencial del INAPAM no necesitan renovarla, este registro que iniciar\u00e1 la pr\u00f3xima semana es para nuevos beneficiarios.<\/p>\n\n\n\n<p>Con esta credencial se tienen descuentos en impuestos y otros servicios que buscar\u00e1n ampliarse las coberturas tanto en gobiernos municipales y estatales, como en empresas privadas.<\/p>\n\n\n\n<p>Originalmente, eran los ayuntamientos los que se encargaban de la incorporaci\u00f3n de los adultos mayores al INAPAM, ahora que la Secretar\u00eda de Bienestar se encargar\u00e1 de ello, se espera que se incremente el padr\u00f3n.<\/p>\n\n\n\n<p>De inicio se llegar\u00e1 a 40 municipios que no estaban empadronando a los abuelitos.<\/p>\n\n\n\n<p>\u201cEstamos calculando que podr\u00edan ser hasta un mill\u00f3n de personas, la verdad es que la pensi\u00f3n de adulto mayor que es de 65 en adelante, atiende a un mill\u00f3n de veracruzanos y muchos de ellos no eran atendidos por el INAPAM porque llegar la cobertura a zonas muy lejanas es muy dif\u00edcil\u201d.<\/p>\n","protected":false},"excerpt":{"rendered":"<p>Alejandro \u00c1vila Veracruz, Ver.- La Secretar\u00eda del Bienestar ser\u00e1 la nueva encargada de acreditar las incorporaciones al programa de INAPAM, por lo que a partir del pr\u00f3ximo 16 de agosto, comenzar\u00e1 el registro de los nuevos integrantes del padr\u00f3n, mencion\u00f3 el delegado Federal, Manuel Huerta Ladr\u00f3n de Guevara. Se presume que aproximadamente 1 mill\u00f3n de [&hellip;]<\/p>\n","protected":false},"author":1,"featured_media":30467,"comment_status":"open","ping_status":"open","sticky":false,"template":"","format":"standard","meta":{"_jetpack_memberships_contains_paid_content":false,"footnotes":""},"categories":[2],"tags":[],"class_list":["post-30466","post","type-post","status-publish","format-standard","has-post-thumbnail","hentry","category-estado"],"jetpack_featured_media_url":"https:\/\/encuentroinformativo.com.mx\/wp-content\/uploads\/2022\/08\/1C5DE1EC-1006-4A3D-A05D-694EB527FE9E.jpeg","jetpack_sharing_enabled":true,"jetpack_likes_enabled":true,"amp_enabled":true,"_links":{"self":[{"href":"https:\/\/encuentroinformativo.com.mx\/index.php?rest_route=\/wp\/v2\/posts\/30466","targetHints":{"allow":["GET"]}}],"collection":[{"href":"https:\/\/encuentroinformativo.com.mx\/index.php?rest_route=\/wp\/v2\/posts"}],"about":[{"href":"https:\/\/encuentroinformativo.com.mx\/index.php?rest_route=\/wp\/v2\/types\/post"}],"author":[{"embeddable":true,"href":"https:\/\/encuentroinformativo.com.mx\/index.php?rest_route=\/wp\/v2\/users\/1"}],"replies":[{"embeddable":true,"href":"https:\/\/encuentroinformativo.com.mx\/index.php?rest_route=%2Fwp%2Fv2%2Fcomments&post=30466"}],"version-history":[{"count":1,"href":"https:\/\/encuentroinformativo.com.mx\/index.php?rest_route=\/wp\/v2\/posts\/30466\/revisions"}],"predecessor-version":[{"id":30468,"href":"https:\/\/encuentroinformativo.com.mx\/index.php?rest_route=\/wp\/v2\/posts\/30466\/revisions\/30468"}],"wp:featuredmedia":[{"embeddable":true,"href":"https:\/\/encuentroinformativo.com.mx\/index.php?rest_route=\/wp\/v2\/media\/30467"}],"wp:attachment":[{"href":"https:\/\/encuentroinformativo.com.mx\/index.php?rest_route=%2Fwp%2Fv2%2Fmedia&parent=30466"}],"wp:term":[{"taxonomy":"category","embeddable":true,"href":"https:\/\/encuentroinformativo.com.mx\/index.php?rest_route=%2Fwp%2Fv2%2Fcategories&post=30466"},{"taxonomy":"post_tag","embeddable":true,"href":"https:\/\/encuentroinformativo.com.mx\/index.php?rest_route=%2Fwp%2Fv2%2Ftags&post=30466"}],"curies":[{"name":"wp","href":"https:\/\/api.w.org\/{rel}","templated":true}]}}