{"id":30469,"date":"2022-08-11T16:59:50","date_gmt":"2022-08-11T21:59:50","guid":{"rendered":"https:\/\/encuentroinformativo.com.mx\/?p=30469"},"modified":"2022-08-11T16:59:53","modified_gmt":"2022-08-11T21:59:53","slug":"medellin-firma-convenio-para-promover-inversion-en-el-municipio","status":"publish","type":"post","link":"https:\/\/encuentroinformativo.com.mx\/?p=30469","title":{"rendered":"Medell\u00edn firma convenio para promover inversi\u00f3n en el municipio"},"content":{"rendered":"\n<p><strong>Alejandro \u00c1vila<\/strong><\/p>\n\n\n\n<p>Boca del R\u00edo, Ver.-&nbsp; En el marco de la Primera Sesi\u00f3n Ordinaria del Consejo de Econom\u00eda Regional del Sotavento, que preside Marcos Isle\u00f1o Andrade, se sign\u00f3 un Convenio de Colaboraci\u00f3n entre el Ayuntamiento de Medell\u00edn y la Comisi\u00f3n Intersecretarial de Fomento&nbsp; a la Inversi\u00f3n (COFIN).<\/p>\n\n\n\n<p>Dando seguimiento al objetivo del Consejo de establecer proyectos de desarrollo regional que capten inversiones al estado, se cre\u00f3 la Comisi\u00f3n intersecretarial de Fomento a la Inversi\u00f3n (COFIN) con la finalidad de vincular con el sector empresarial para dar seguimiento a sus proyectos de inversi\u00f3n optimizando los tr\u00e1mites burocr\u00e1ticos para la apertura de empresas.<\/p>\n\n\n\n<p>Enrique Nach\u00f3n Garc\u00eda, Secretario de Desarrollo Econ\u00f3mico y Portuario del Estado de Veracruz, quien firm\u00f3 el convenio en conjunto con el alcalde Marcos Isle\u00f1o, agradeci\u00f3 que el Ayuntamiento de Medell\u00edn de Bravo se sume a este modelo de la Comisi\u00f3n de Fomento a la Inversi\u00f3n, pues con ello se ha logrado atraer grandes inversiones al estado como lo fue la cervecera Constellations Brands.<\/p>\n\n\n\n<p>Durante la sesi\u00f3n del Consejo y como parte del orden del d\u00eda, el Alcalde Marcos Isle\u00f1o Andrade, en su calidad de Presidente del Consejo, tom\u00f3 protesta como nuevo vocal a Vladimir Cruz Acosta, Subsecretario de Planeaci\u00f3n de la Secretaria de Finanzas y Planeaci\u00f3n (SEFIPLAN), en lugar de Ricardo Rodr\u00edguez D\u00edaz.<\/p>\n\n\n\n<p>La Sesi\u00f3n del Consejo de Econom\u00eda Regional del Sotavento cont\u00f3 con la presencia de: Marcos isle\u00f1o Andrade, Presidente; Jos\u00e9 Jaime Dom\u00ednguez Pi\u00f1a, Secretario T\u00e9cnico; Vladimir Cruz Acosta, Vocal; Javier G\u00f3mez Giorgana ( en representaci\u00f3n de Rodolfo Alc\u00e1ntara Gonz\u00e1lez), Vocal y Mario Gerardo Delf\u00edn V\u00e1zquez, Vocal.<\/p>\n\n\n\n<p>Mientras que como representantes del sector empresarial estuvieron: Luis Antonio Exsome Zapata, Jos\u00e9 Antonio Campa P\u00e9rez, Manuel H. Reynaud Agiss, Marcelo Escalante Loaeza (en representaci\u00f3n de Jos\u00e9 Luis Valencia Montano) y Javier Barqu\u00edn G\u00f3mez.<\/p>\n","protected":false},"excerpt":{"rendered":"<p>Alejandro \u00c1vila Boca del R\u00edo, Ver.-&nbsp; En el marco de la Primera Sesi\u00f3n Ordinaria del Consejo de Econom\u00eda Regional del Sotavento, que preside Marcos Isle\u00f1o Andrade, se sign\u00f3 un Convenio de Colaboraci\u00f3n entre el Ayuntamiento de Medell\u00edn y la Comisi\u00f3n Intersecretarial de Fomento&nbsp; a la Inversi\u00f3n (COFIN). Dando seguimiento al objetivo del Consejo de establecer [&hellip;]<\/p>\n","protected":false},"author":1,"featured_media":30470,"comment_status":"open","ping_status":"open","sticky":false,"template":"","format":"standard","meta":{"_jetpack_memberships_contains_paid_content":false,"footnotes":""},"categories":[2],"tags":[],"class_list":["post-30469","post","type-post","status-publish","format-standard","has-post-thumbnail","hentry","category-estado"],"jetpack_featured_media_url":"https:\/\/encuentroinformativo.com.mx\/wp-content\/uploads\/2022\/08\/11A5E3D9-3F8D-45FE-8506-EE5D945CC1F0.jpeg","jetpack_sharing_enabled":true,"jetpack_likes_enabled":true,"amp_enabled":true,"_links":{"self":[{"href":"https:\/\/encuentroinformativo.com.mx\/index.php?rest_route=\/wp\/v2\/posts\/30469","targetHints":{"allow":["GET"]}}],"collection":[{"href":"https:\/\/encuentroinformativo.com.mx\/index.php?rest_route=\/wp\/v2\/posts"}],"about":[{"href":"https:\/\/encuentroinformativo.com.mx\/index.php?rest_route=\/wp\/v2\/types\/post"}],"author":[{"embeddable":true,"href":"https:\/\/encuentroinformativo.com.mx\/index.php?rest_route=\/wp\/v2\/users\/1"}],"replies":[{"embeddable":true,"href":"https:\/\/encuentroinformativo.com.mx\/index.php?rest_route=%2Fwp%2Fv2%2Fcomments&post=30469"}],"version-history":[{"count":1,"href":"https:\/\/encuentroinformativo.com.mx\/index.php?rest_route=\/wp\/v2\/posts\/30469\/revisions"}],"predecessor-version":[{"id":30471,"href":"https:\/\/encuentroinformativo.com.mx\/index.php?rest_route=\/wp\/v2\/posts\/30469\/revisions\/30471"}],"wp:featuredmedia":[{"embeddable":true,"href":"https:\/\/encuentroinformativo.com.mx\/index.php?rest_route=\/wp\/v2\/media\/30470"}],"wp:attachment":[{"href":"https:\/\/encuentroinformativo.com.mx\/index.php?rest_route=%2Fwp%2Fv2%2Fmedia&parent=30469"}],"wp:term":[{"taxonomy":"category","embeddable":true,"href":"https:\/\/encuentroinformativo.com.mx\/index.php?rest_route=%2Fwp%2Fv2%2Fcategories&post=30469"},{"taxonomy":"post_tag","embeddable":true,"href":"https:\/\/encuentroinformativo.com.mx\/index.php?rest_route=%2Fwp%2Fv2%2Ftags&post=30469"}],"curies":[{"name":"wp","href":"https:\/\/api.w.org\/{rel}","templated":true}]}}