{"id":30472,"date":"2022-08-11T17:09:53","date_gmt":"2022-08-11T22:09:53","guid":{"rendered":"https:\/\/encuentroinformativo.com.mx\/?p=30472"},"modified":"2022-08-11T17:09:57","modified_gmt":"2022-08-11T22:09:57","slug":"vamos-a-detonar-el-desarrollo-economico-y-social-del-corazon-de-boca-del-rio-alcalde-jm-unanue","status":"publish","type":"post","link":"https:\/\/encuentroinformativo.com.mx\/?p=30472","title":{"rendered":"Vamos a detonar el desarrollo econ\u00f3mico y social del coraz\u00f3n de Boca del R\u00edo: Alcalde JM Un\u00e1nue"},"content":{"rendered":"\n<p><strong>*<em>Despu\u00e9s de mucho tiempo, se pavimentar\u00e1 la calle Zamora en concreto estampado<\/em>.<\/strong><\/p>\n\n\n\n<p>Boca del R\u00edo, Ver.- \u201cNo se puede hablar del desarrollo de Boca del R\u00edo, sin hablar de su cabecera municipal\u201d, por ello la importancia del banderazo de obra de la pavimentaci\u00f3n en concreto estampado de la calle Zamora entre la Avenida Revoluci\u00f3n y la Avenida Veracruz.<\/p>\n\n\n\n<p>\u201cYo hice un compromiso con todas y todos ustedes, vamos hacer a lo largo de esta administraci\u00f3n en estos cuatro a\u00f1os, obras relevantes e importantes para que la gente de cabecera se sienta feliz de vivir aqu\u00ed, y tambi\u00e9n algo muy importante, para recibir al turismo\u201d.<\/p>\n\n\n\n<p>Se invertir\u00e1n m\u00e1s de cuatro millones de pesos, rehabilit\u00e1ndose 2 mil 395 metros cuadrados en concreto hidr\u00e1ulico con acabado estampado.<\/p>\n\n\n\n<p>Cabe destacar, que el Presidente Municipal, Juan Manuel Un\u00e1nue Abascal, decidi\u00f3 atender esta calle, pues despu\u00e9s de mucho tiempo que no se rehabilitaba.<\/p>\n\n\n\n<p>\u201cAqu\u00ed se hizo famosa la gastronom\u00eda, el comercio y la prestaci\u00f3n de servicios gracias a las boque\u00f1as y boque\u00f1os que trabajan todos los d\u00edas\u201d, destacando a quienes trabajan y viven en la cabecera municipal, aportando lo mejor de s\u00ed.<\/p>\n\n\n\n<p>Por otra parte, Un\u00e1nue Abascal, dijo que se construir\u00e1n 439 metros lineales de guarniciones y 458 metros cuadrados de banqueta de concreto premezclado.<\/p>\n\n\n\n<p>Adem\u00e1s, se colocar\u00e1n 14 rejillas tragatormentas, 468 metros lineales de pintura termopl\u00e1stica de l\u00ednea discontin\u00faa, 439 metros lineales de pintura en guarniciones y 355 metros lineales de pintura termopl\u00e1stica en pasos peatonales.<\/p>\n\n\n\n<p>De acuerdo a la direcci\u00f3n de Obras P\u00fablicas, el tiempo de ejecuci\u00f3n de la obra ser\u00e1 de dos meses y medio, beneficiando directamente a cerca de 300 personas que viven sobre la calle, \u201cpero son cientos los que gozar\u00e1n del beneficio de la obra\u201d.<\/p>\n\n\n\n<p>\u201cLa idea es ir arrancando estas obras tan importantes, para ir cambiando la vida de los habitantes de las diferentes zonas de Boca del R\u00edo\u201d, enfatiz\u00f3 el Presidente Municipal de Boca del R\u00edo.<\/p>\n\n\n\n<p>Juan Manuel Un\u00e1nue Abascal, destac\u00f3 que, con esta obra, se da tambi\u00e9n, un impulso a los comercios establecidos en esta zona, que son promotores de la actividad econ\u00f3mica en el municipio, adem\u00e1s de quienes gustan practicar alguna actividad al aire libre en nuestro parque, finaliz\u00f3.<\/p>\n","protected":false},"excerpt":{"rendered":"<p>*Despu\u00e9s de mucho tiempo, se pavimentar\u00e1 la calle Zamora en concreto estampado. Boca del R\u00edo, Ver.- \u201cNo se puede hablar del desarrollo de Boca del R\u00edo, sin hablar de su cabecera municipal\u201d, por ello la importancia del banderazo de obra de la pavimentaci\u00f3n en concreto estampado de la calle Zamora entre la Avenida Revoluci\u00f3n y [&hellip;]<\/p>\n","protected":false},"author":1,"featured_media":30473,"comment_status":"open","ping_status":"open","sticky":false,"template":"","format":"standard","meta":{"_jetpack_memberships_contains_paid_content":false,"footnotes":""},"categories":[2],"tags":[],"class_list":["post-30472","post","type-post","status-publish","format-standard","has-post-thumbnail","hentry","category-estado"],"jetpack_featured_media_url":"https:\/\/encuentroinformativo.com.mx\/wp-content\/uploads\/2022\/08\/9712D532-7EDE-4B58-9B86-65C29722731C.jpeg","jetpack_sharing_enabled":true,"jetpack_likes_enabled":true,"amp_enabled":true,"_links":{"self":[{"href":"https:\/\/encuentroinformativo.com.mx\/index.php?rest_route=\/wp\/v2\/posts\/30472","targetHints":{"allow":["GET"]}}],"collection":[{"href":"https:\/\/encuentroinformativo.com.mx\/index.php?rest_route=\/wp\/v2\/posts"}],"about":[{"href":"https:\/\/encuentroinformativo.com.mx\/index.php?rest_route=\/wp\/v2\/types\/post"}],"author":[{"embeddable":true,"href":"https:\/\/encuentroinformativo.com.mx\/index.php?rest_route=\/wp\/v2\/users\/1"}],"replies":[{"embeddable":true,"href":"https:\/\/encuentroinformativo.com.mx\/index.php?rest_route=%2Fwp%2Fv2%2Fcomments&post=30472"}],"version-history":[{"count":1,"href":"https:\/\/encuentroinformativo.com.mx\/index.php?rest_route=\/wp\/v2\/posts\/30472\/revisions"}],"predecessor-version":[{"id":30474,"href":"https:\/\/encuentroinformativo.com.mx\/index.php?rest_route=\/wp\/v2\/posts\/30472\/revisions\/30474"}],"wp:featuredmedia":[{"embeddable":true,"href":"https:\/\/encuentroinformativo.com.mx\/index.php?rest_route=\/wp\/v2\/media\/30473"}],"wp:attachment":[{"href":"https:\/\/encuentroinformativo.com.mx\/index.php?rest_route=%2Fwp%2Fv2%2Fmedia&parent=30472"}],"wp:term":[{"taxonomy":"category","embeddable":true,"href":"https:\/\/encuentroinformativo.com.mx\/index.php?rest_route=%2Fwp%2Fv2%2Fcategories&post=30472"},{"taxonomy":"post_tag","embeddable":true,"href":"https:\/\/encuentroinformativo.com.mx\/index.php?rest_route=%2Fwp%2Fv2%2Ftags&post=30472"}],"curies":[{"name":"wp","href":"https:\/\/api.w.org\/{rel}","templated":true}]}}