{"id":3048,"date":"2020-06-03T14:07:55","date_gmt":"2020-06-03T19:07:55","guid":{"rendered":"https:\/\/encuentroinformativo.com\/?p=3048"},"modified":"2020-06-03T14:07:58","modified_gmt":"2020-06-03T19:07:58","slug":"preparan-apertura-de-autocinema-niegan-afectacion-con-obras","status":"publish","type":"post","link":"https:\/\/encuentroinformativo.com.mx\/?p=3048","title":{"rendered":"Preparan apertura de autocinema; niegan afectaci\u00f3n con obras"},"content":{"rendered":"\n<p><strong>Juan Arcos <\/strong><\/p>\n\n\n\n<p>Xalapa, Ver.- Elizabeth Romagnoli, due\u00f1a de Cinema 21, rechaz\u00f3 que el proyecto para la apertura de un autocinema en Xalapa requiera de una obra de construcci\u00f3n.<\/p>\n\n\n\n<p>La entrevistada detall\u00f3 que s\u00f3lo es necesario un terreno para la instalaci\u00f3n del equipo de proyecci\u00f3n y el ingreso de los veh\u00edculos.<\/p>\n\n\n\n<p>El espacio se encuentra sobre la calle Art\u00edculo 27, sin n\u00famero, de la colonia Agr\u00edcola, a un costado del Pedregal de las \u00c1nimas.<\/p>\n\n\n\n<p>Hace unos d\u00edas, el portal \u201cAcceso libre\u201d public\u00f3 un art\u00edculo donde presuntamente el ayuntamiento de Xalapa hab\u00eda clausurado una obra donde se planeaba edificar un autocinema.<\/p>\n\n\n\n<p>La empresaria cinematogr\u00e1fica consider\u00f3 que dicha situaci\u00f3n fue \u201cfalsa\u201d.<\/p>\n\n\n\n<p>\u201cHay un terreno en la misma zona donde nosotros tenemos el autocinema, que parece que est\u00e1n haciendo alguna obra, los vecinos se quejaron, pensaron que \u00e9ramos nosotros, nosotros no tenemos nada que ver con ese terreno\u201d, detall\u00f3.<\/p>\n\n\n\n<p>Elizabeth Romagnoli lament\u00f3 que dicha situaci\u00f3n haya causado confusi\u00f3n en la poblaci\u00f3n y en los clientes.<\/p>\n\n\n\n<p>Sin embargo, asegur\u00f3 que todo est\u00e1 listo para la apertura del Autocinema 21, el pr\u00f3ximo 5 de junio.<\/p>\n\n\n\n<p>\u201cObviamente tambi\u00e9n dependemos de las autoridades, si no nos permiten abrir, no lo haremos, no es nuestra intenci\u00f3n causar alg\u00fan problema, ni nos interesa que la gente est\u00e9 insegura, tenemos todo planeado para que sea una experiencia buena, una experiencia segura\u201d.<\/p>\n\n\n\n<p>Record\u00f3 que est\u00e1n abriendo autocinemas en otros puntos de la Rep\u00fablica Mexicana, como en Ciudad de M\u00e9xico, Jalisco y Colima, al tratarse de una opci\u00f3n cultural y de entretenimiento, pese a la crisis sanitaria por Covid-19.<\/p>\n\n\n\n<p>\u201cEsperamos ya poder abrir este fin de semana, tenemos todo listo, estamos todos listos. Tenemos todo en orden, ese no es el terreno donde estamos nosotros (de la presunta clausura), fue una nota completamente hecha para afectarnos de alguna manera, porque es falsa\u201d, agreg\u00f3.<\/p>\n\n\n\n<p>Solo est\u00e1 pendiente que el ayuntamiento de Xalapa permita la apertura del autocinema en la ciudad.<\/p>\n\n\n\n<p><\/p>\n","protected":false},"excerpt":{"rendered":"<p>Juan Arcos Xalapa, Ver.- Elizabeth Romagnoli, due\u00f1a de Cinema 21, rechaz\u00f3 que el proyecto para la apertura de un autocinema en Xalapa requiera de una obra de construcci\u00f3n. La entrevistada detall\u00f3 que s\u00f3lo es necesario un terreno para la instalaci\u00f3n del equipo de proyecci\u00f3n y el ingreso de los veh\u00edculos. El espacio se encuentra sobre [&hellip;]<\/p>\n","protected":false},"author":1,"featured_media":3049,"comment_status":"open","ping_status":"open","sticky":false,"template":"","format":"standard","meta":{"_jetpack_memberships_contains_paid_content":false,"footnotes":""},"categories":[3],"tags":[],"class_list":["post-3048","post","type-post","status-publish","format-standard","has-post-thumbnail","hentry","category-xalapa"],"jetpack_featured_media_url":"https:\/\/encuentroinformativo.com.mx\/wp-content\/uploads\/2020\/06\/127B5FE6-A642-4015-9BC6-A4A2F27ADD14.jpeg","jetpack_sharing_enabled":true,"jetpack_likes_enabled":true,"amp_enabled":true,"_links":{"self":[{"href":"https:\/\/encuentroinformativo.com.mx\/index.php?rest_route=\/wp\/v2\/posts\/3048","targetHints":{"allow":["GET"]}}],"collection":[{"href":"https:\/\/encuentroinformativo.com.mx\/index.php?rest_route=\/wp\/v2\/posts"}],"about":[{"href":"https:\/\/encuentroinformativo.com.mx\/index.php?rest_route=\/wp\/v2\/types\/post"}],"author":[{"embeddable":true,"href":"https:\/\/encuentroinformativo.com.mx\/index.php?rest_route=\/wp\/v2\/users\/1"}],"replies":[{"embeddable":true,"href":"https:\/\/encuentroinformativo.com.mx\/index.php?rest_route=%2Fwp%2Fv2%2Fcomments&post=3048"}],"version-history":[{"count":1,"href":"https:\/\/encuentroinformativo.com.mx\/index.php?rest_route=\/wp\/v2\/posts\/3048\/revisions"}],"predecessor-version":[{"id":3050,"href":"https:\/\/encuentroinformativo.com.mx\/index.php?rest_route=\/wp\/v2\/posts\/3048\/revisions\/3050"}],"wp:featuredmedia":[{"embeddable":true,"href":"https:\/\/encuentroinformativo.com.mx\/index.php?rest_route=\/wp\/v2\/media\/3049"}],"wp:attachment":[{"href":"https:\/\/encuentroinformativo.com.mx\/index.php?rest_route=%2Fwp%2Fv2%2Fmedia&parent=3048"}],"wp:term":[{"taxonomy":"category","embeddable":true,"href":"https:\/\/encuentroinformativo.com.mx\/index.php?rest_route=%2Fwp%2Fv2%2Fcategories&post=3048"},{"taxonomy":"post_tag","embeddable":true,"href":"https:\/\/encuentroinformativo.com.mx\/index.php?rest_route=%2Fwp%2Fv2%2Ftags&post=3048"}],"curies":[{"name":"wp","href":"https:\/\/api.w.org\/{rel}","templated":true}]}}