{"id":30484,"date":"2022-08-12T11:46:19","date_gmt":"2022-08-12T16:46:19","guid":{"rendered":"https:\/\/encuentroinformativo.com.mx\/?p=30484"},"modified":"2022-08-12T11:46:23","modified_gmt":"2022-08-12T16:46:23","slug":"palapa-buchacas-unica-afectada-por-tromba-en-villa-del-mar","status":"publish","type":"post","link":"https:\/\/encuentroinformativo.com.mx\/?p=30484","title":{"rendered":"Palapa &#8220;Buchacas&#8221; \u00fanica afectada por Tromba en Villa del Mar"},"content":{"rendered":"\n<p><strong>Alejandro \u00c1vila<\/strong><\/p>\n\n\n\n<p>Veracruz, Ver.- La palapa &#8220;Buchacas&#8221;, propiedad del ex Rey de Carnaval, V\u00edctor Ren\u00e9 Gonz\u00e1lez, fue la \u00fanica afectada por el fen\u00f3meno meteorol\u00f3gico de Tromba qu\u00e9 se suscit\u00f3 la tarde de este jueves en las playas de Villa del Mar.<\/p>\n\n\n\n<p>A decir de los empleados, fueron da\u00f1os materiales y una persona lesionada las afectaciones, tras la supervisi\u00f3n, quedaron inservibles 3 carpas, algunas mesas y alrededor de 20 sillas.<\/p>\n\n\n\n<p>Los empleados del negocio antes mencionado, acudieron muy temprano a la zona de playa para limpiar el espacio que les corresponde comerciar.<\/p>\n\n\n\n<p>\u201cHay que trabajar, afortunadamente s\u00ed, como son d\u00edas festivos hay que trabajar y dijeran el show debe continuar. Nada m\u00e1s nosotros, la palapa Buchacas, pero todo material, eso es lo de menos. Yo s\u00ed hab\u00eda visto (\u2026)&nbsp; fue algo impactante para los turistas, la mayor\u00eda estaba tomando selfies,&nbsp; fotos, video, pero no sabes lo que pasa y hasta que pasa \u201c, dijo Esteban Gonz\u00e1lez.<\/p>\n\n\n\n<p>El propio due\u00f1o de la palapa &#8220;Buchacas&#8221;, dijo que las sillas, mesas y carpas, son propiedad de la empresa cervecera Grupo Modelo, las cuales se las entregan por vender su producto, por lo cual tendr\u00e1n que ser ellos qui\u00e9nes se los deben reponer.<\/p>\n\n\n\n<p>\u201cDe las 45 ponle que se hayan roto unas 25 mesas, sombrillas qui\u00e9n sabe d\u00f3nde hayan aparecido, yo solo vi que volaban. Los vientos le tiro unos 150 kil\u00f3metros por hora, yo creo que fueron unos 2 segundos, lo vi pasar y&nbsp; ya estaba arriba, quebr\u00f3 2 carpas y una jal\u00f3 hacia all\u00e1 (al techo de la palapa) y del golpe la dobl\u00f3, hay que cambiar todo\u201d, indic\u00f3 V\u00edctor Gonz\u00e1lez Azamar \u201cBuchacas\u201d.<\/p>\n\n\n\n<p>El empleado lesionado por una de las mesas que fue levantada por la tromba, se encuentra sin problemas mayores, este d\u00eda ya se present\u00f3 a trabajar.<\/p>\n\n\n\n<p>Relata que el golpe en la cara le tumbo una muela y la impresi\u00f3n del fen\u00f3meno no lo dej\u00f3 reaccionar r\u00e1pido; Armando, alias el \u201cFofo\u201d, se dedica a limpiar la zona y a meserear.<\/p>\n\n\n\n<p>\u201cEstaba viendo el remolino, con la mesa me pegu\u00e9, la cara, la nariz y la muela, fue el susto\u201d, dijo.<\/p>\n","protected":false},"excerpt":{"rendered":"<p>Alejandro \u00c1vila Veracruz, Ver.- La palapa &#8220;Buchacas&#8221;, propiedad del ex Rey de Carnaval, V\u00edctor Ren\u00e9 Gonz\u00e1lez, fue la \u00fanica afectada por el fen\u00f3meno meteorol\u00f3gico de Tromba qu\u00e9 se suscit\u00f3 la tarde de este jueves en las playas de Villa del Mar. A decir de los empleados, fueron da\u00f1os materiales y una persona lesionada las afectaciones, [&hellip;]<\/p>\n","protected":false},"author":1,"featured_media":30485,"comment_status":"open","ping_status":"open","sticky":false,"template":"","format":"standard","meta":{"_jetpack_memberships_contains_paid_content":false,"footnotes":""},"categories":[2],"tags":[],"class_list":["post-30484","post","type-post","status-publish","format-standard","has-post-thumbnail","hentry","category-estado"],"jetpack_featured_media_url":"https:\/\/encuentroinformativo.com.mx\/wp-content\/uploads\/2022\/08\/1F56D5AB-10F6-48E2-8563-13B1B72ECC98.jpeg","jetpack_sharing_enabled":true,"jetpack_likes_enabled":true,"amp_enabled":true,"_links":{"self":[{"href":"https:\/\/encuentroinformativo.com.mx\/index.php?rest_route=\/wp\/v2\/posts\/30484","targetHints":{"allow":["GET"]}}],"collection":[{"href":"https:\/\/encuentroinformativo.com.mx\/index.php?rest_route=\/wp\/v2\/posts"}],"about":[{"href":"https:\/\/encuentroinformativo.com.mx\/index.php?rest_route=\/wp\/v2\/types\/post"}],"author":[{"embeddable":true,"href":"https:\/\/encuentroinformativo.com.mx\/index.php?rest_route=\/wp\/v2\/users\/1"}],"replies":[{"embeddable":true,"href":"https:\/\/encuentroinformativo.com.mx\/index.php?rest_route=%2Fwp%2Fv2%2Fcomments&post=30484"}],"version-history":[{"count":1,"href":"https:\/\/encuentroinformativo.com.mx\/index.php?rest_route=\/wp\/v2\/posts\/30484\/revisions"}],"predecessor-version":[{"id":30486,"href":"https:\/\/encuentroinformativo.com.mx\/index.php?rest_route=\/wp\/v2\/posts\/30484\/revisions\/30486"}],"wp:featuredmedia":[{"embeddable":true,"href":"https:\/\/encuentroinformativo.com.mx\/index.php?rest_route=\/wp\/v2\/media\/30485"}],"wp:attachment":[{"href":"https:\/\/encuentroinformativo.com.mx\/index.php?rest_route=%2Fwp%2Fv2%2Fmedia&parent=30484"}],"wp:term":[{"taxonomy":"category","embeddable":true,"href":"https:\/\/encuentroinformativo.com.mx\/index.php?rest_route=%2Fwp%2Fv2%2Fcategories&post=30484"},{"taxonomy":"post_tag","embeddable":true,"href":"https:\/\/encuentroinformativo.com.mx\/index.php?rest_route=%2Fwp%2Fv2%2Ftags&post=30484"}],"curies":[{"name":"wp","href":"https:\/\/api.w.org\/{rel}","templated":true}]}}