{"id":30491,"date":"2022-08-12T10:28:20","date_gmt":"2022-08-12T15:28:20","guid":{"rendered":"https:\/\/encuentroinformativo.com.mx\/?p=30491"},"modified":"2022-08-12T12:30:00","modified_gmt":"2022-08-12T17:30:00","slug":"danna-paola-iniciara-gira-mundial-en-boca-del-rio","status":"publish","type":"post","link":"https:\/\/encuentroinformativo.com.mx\/?p=30491","title":{"rendered":"Danna Paola iniciar\u00e1 Gira Mundial en Boca del R\u00edo"},"content":{"rendered":"\n<p><strong>Alejandro \u00c1vila<\/strong><\/p>\n\n\n\n<p>Boca del R\u00edo, Ver.- La actriz y cantante Danna Paola, anunci\u00f3 a trav\u00e9s de sus redes sociales que iniciar\u00e1 una Gira Mundial de concierto, donde el primer show se dar\u00e1 en el municipio de Boca del R\u00edo en el estado de Veracruz.<\/p>\n\n\n\n<p>A partir de este jueves 11 de agosto se comenz\u00f3 con la venta de boletos para el tour \u201cXT4S1S\u201d, qu\u00e9 en Boca del R\u00edo se realizar\u00e1 el pr\u00f3ximo 22 de octubre en el bulevar &#8220;Vicente Fox&#8221;, tambi\u00e9n conocido como &#8220;El Sals\u00f3dromo&#8221;.<\/p>\n\n\n\n<p>La actriz de exitosas telenovelas mexicanas y de la serie espa\u00f1ola \u00c9lite estar\u00e1 cantando lo mejor der su repertorio, entre las que incluyen las canciones: Mala Fama, Oye Pablo, No bailes sola y Sodio.<\/p>\n\n\n\n<p>Danna Paola ha sido ganadora de diferentes premios, entre los que se encuentran 9 Kids Choice Awards; 4 MTV Millennial Awards; 4 MTV Italian Music Awards; 1 MTV Europe Music Awards y 2 premios de la Sociedad de Autores y Compositores de M\u00e9xico por \u201cOye Pablo\u201d y \u201cSodio\u201d. Adem\u00e1s fue nominada al Grammy Latino por su sexto \u00e1lbum de estudio K.O. en 2021.<\/p>\n\n\n\n<p>Los costos de los boletos podr\u00e1n ser visualizados en la p\u00e1gina&nbsp;www.ticketprime.com.mx<\/p>\n","protected":false},"excerpt":{"rendered":"<p>Alejandro \u00c1vila Boca del R\u00edo, Ver.- La actriz y cantante Danna Paola, anunci\u00f3 a trav\u00e9s de sus redes sociales que iniciar\u00e1 una Gira Mundial de concierto, donde el primer show se dar\u00e1 en el municipio de Boca del R\u00edo en el estado de Veracruz. A partir de este jueves 11 de agosto se comenz\u00f3 con [&hellip;]<\/p>\n","protected":false},"author":1,"featured_media":30492,"comment_status":"open","ping_status":"open","sticky":false,"template":"","format":"standard","meta":{"_jetpack_memberships_contains_paid_content":false,"footnotes":""},"categories":[2],"tags":[],"class_list":["post-30491","post","type-post","status-publish","format-standard","has-post-thumbnail","hentry","category-estado"],"jetpack_featured_media_url":"https:\/\/encuentroinformativo.com.mx\/wp-content\/uploads\/2022\/08\/6E4BE989-0A7D-46F2-80B7-0E6AC68E2726.jpeg","jetpack_sharing_enabled":true,"jetpack_likes_enabled":true,"amp_enabled":true,"_links":{"self":[{"href":"https:\/\/encuentroinformativo.com.mx\/index.php?rest_route=\/wp\/v2\/posts\/30491","targetHints":{"allow":["GET"]}}],"collection":[{"href":"https:\/\/encuentroinformativo.com.mx\/index.php?rest_route=\/wp\/v2\/posts"}],"about":[{"href":"https:\/\/encuentroinformativo.com.mx\/index.php?rest_route=\/wp\/v2\/types\/post"}],"author":[{"embeddable":true,"href":"https:\/\/encuentroinformativo.com.mx\/index.php?rest_route=\/wp\/v2\/users\/1"}],"replies":[{"embeddable":true,"href":"https:\/\/encuentroinformativo.com.mx\/index.php?rest_route=%2Fwp%2Fv2%2Fcomments&post=30491"}],"version-history":[{"count":1,"href":"https:\/\/encuentroinformativo.com.mx\/index.php?rest_route=\/wp\/v2\/posts\/30491\/revisions"}],"predecessor-version":[{"id":30493,"href":"https:\/\/encuentroinformativo.com.mx\/index.php?rest_route=\/wp\/v2\/posts\/30491\/revisions\/30493"}],"wp:featuredmedia":[{"embeddable":true,"href":"https:\/\/encuentroinformativo.com.mx\/index.php?rest_route=\/wp\/v2\/media\/30492"}],"wp:attachment":[{"href":"https:\/\/encuentroinformativo.com.mx\/index.php?rest_route=%2Fwp%2Fv2%2Fmedia&parent=30491"}],"wp:term":[{"taxonomy":"category","embeddable":true,"href":"https:\/\/encuentroinformativo.com.mx\/index.php?rest_route=%2Fwp%2Fv2%2Fcategories&post=30491"},{"taxonomy":"post_tag","embeddable":true,"href":"https:\/\/encuentroinformativo.com.mx\/index.php?rest_route=%2Fwp%2Fv2%2Ftags&post=30491"}],"curies":[{"name":"wp","href":"https:\/\/api.w.org\/{rel}","templated":true}]}}