{"id":30494,"date":"2022-08-12T12:34:08","date_gmt":"2022-08-12T17:34:08","guid":{"rendered":"https:\/\/encuentroinformativo.com.mx\/?p=30494"},"modified":"2022-08-12T12:34:12","modified_gmt":"2022-08-12T17:34:12","slug":"gobierno-solicitara-apoyo-de-la-federacion-por-caso-de-sayula-de-aleman","status":"publish","type":"post","link":"https:\/\/encuentroinformativo.com.mx\/?p=30494","title":{"rendered":"Gobierno solicitar\u00e1 apoyo de la Federaci\u00f3n por caso de Sayula de Alem\u00e1n"},"content":{"rendered":"\n<p><strong>Alejandro \u00c1vila<\/strong><\/p>\n\n\n\n<p>Boca del R\u00edo, Ver.- El gobernador de Veracruz, Cuitl\u00e1huac Garc\u00eda Jim\u00e9nez mencion\u00f3 que, tras la reuni\u00f3n de seguridad en las Mesas de Construcci\u00f3n de la Paz que sostuvieron este viernes por la ma\u00f1ana, se decidi\u00f3 solicitar el apoyo a la Federaci\u00f3n para resolver el presunto conflicto en el municipio de Sayula de Alem\u00e1n.<\/p>\n\n\n\n<p>Es de mencionar que, este jueves la alcaldesa del municipio de Sayula de Alem\u00e1n, Lorena S\u00e1nchez Vargas, asegur\u00f3 ser reh\u00e9n de un grupo delictivo qui\u00e9n desde hace 7 meses maneja las finanzas del Ayuntamiento, e incluso, dijo mantienen secuestrado a su hijo de apenas tres a\u00f1os de edad.<\/p>\n\n\n\n<p>&#8220;Ya esta abordado y lo estamos atendiendo, precisamente con apoyo de la Federaci\u00f3n y de nuestras fuerzas estatales, vamos a atender el caso, vamos a atender lo que ella solicita (\u2026) recuerden que hay una denuncia y que tenemos que preservar la integridad de lo que est\u00e1 sucediendo ah\u00ed, y de las personas que est\u00e1n en riesgo, y por lo tanto no me atrever\u00eda a ahondar m\u00e1s de manera p\u00fablica&#8221;, mencion\u00f3 Garc\u00eda Jim\u00e9nez.<\/p>\n\n\n\n<p>El Ejecutivo Estatal refiri\u00f3 que, este ser\u00eda el primer caso que atienden sobre un presunto apoderamiento de un grupo delincuencial en contra de un presidente municipal o Ayuntamiento de la entidad veracruzana.<\/p>\n\n\n\n<p>Este no ser\u00eda el primer conflicto qu\u00e9 Lorena S\u00e1nchez Vargas enfrenta con la delincuencia organizada, pues cabe recordar qu\u00e9, en febrero del 2021 su esposo, H\u00e9ctor Vel\u00e1zquez V\u00e1zquez, qui\u00e9n fung\u00eda como regidor, fue asesinado por un comando armado.<\/p>\n","protected":false},"excerpt":{"rendered":"<p>Alejandro \u00c1vila Boca del R\u00edo, Ver.- El gobernador de Veracruz, Cuitl\u00e1huac Garc\u00eda Jim\u00e9nez mencion\u00f3 que, tras la reuni\u00f3n de seguridad en las Mesas de Construcci\u00f3n de la Paz que sostuvieron este viernes por la ma\u00f1ana, se decidi\u00f3 solicitar el apoyo a la Federaci\u00f3n para resolver el presunto conflicto en el municipio de Sayula de Alem\u00e1n. [&hellip;]<\/p>\n","protected":false},"author":1,"featured_media":30495,"comment_status":"open","ping_status":"open","sticky":false,"template":"","format":"standard","meta":{"_jetpack_memberships_contains_paid_content":false,"footnotes":""},"categories":[2],"tags":[],"class_list":["post-30494","post","type-post","status-publish","format-standard","has-post-thumbnail","hentry","category-estado"],"jetpack_featured_media_url":"https:\/\/encuentroinformativo.com.mx\/wp-content\/uploads\/2022\/08\/E9EA8C6B-9230-472D-B4B3-228D0F7CE24F.jpeg","jetpack_sharing_enabled":true,"jetpack_likes_enabled":true,"amp_enabled":true,"_links":{"self":[{"href":"https:\/\/encuentroinformativo.com.mx\/index.php?rest_route=\/wp\/v2\/posts\/30494","targetHints":{"allow":["GET"]}}],"collection":[{"href":"https:\/\/encuentroinformativo.com.mx\/index.php?rest_route=\/wp\/v2\/posts"}],"about":[{"href":"https:\/\/encuentroinformativo.com.mx\/index.php?rest_route=\/wp\/v2\/types\/post"}],"author":[{"embeddable":true,"href":"https:\/\/encuentroinformativo.com.mx\/index.php?rest_route=\/wp\/v2\/users\/1"}],"replies":[{"embeddable":true,"href":"https:\/\/encuentroinformativo.com.mx\/index.php?rest_route=%2Fwp%2Fv2%2Fcomments&post=30494"}],"version-history":[{"count":1,"href":"https:\/\/encuentroinformativo.com.mx\/index.php?rest_route=\/wp\/v2\/posts\/30494\/revisions"}],"predecessor-version":[{"id":30496,"href":"https:\/\/encuentroinformativo.com.mx\/index.php?rest_route=\/wp\/v2\/posts\/30494\/revisions\/30496"}],"wp:featuredmedia":[{"embeddable":true,"href":"https:\/\/encuentroinformativo.com.mx\/index.php?rest_route=\/wp\/v2\/media\/30495"}],"wp:attachment":[{"href":"https:\/\/encuentroinformativo.com.mx\/index.php?rest_route=%2Fwp%2Fv2%2Fmedia&parent=30494"}],"wp:term":[{"taxonomy":"category","embeddable":true,"href":"https:\/\/encuentroinformativo.com.mx\/index.php?rest_route=%2Fwp%2Fv2%2Fcategories&post=30494"},{"taxonomy":"post_tag","embeddable":true,"href":"https:\/\/encuentroinformativo.com.mx\/index.php?rest_route=%2Fwp%2Fv2%2Ftags&post=30494"}],"curies":[{"name":"wp","href":"https:\/\/api.w.org\/{rel}","templated":true}]}}