{"id":30497,"date":"2022-08-12T14:06:48","date_gmt":"2022-08-12T19:06:48","guid":{"rendered":"https:\/\/encuentroinformativo.com.mx\/?p=30497"},"modified":"2022-08-12T14:06:52","modified_gmt":"2022-08-12T19:06:52","slug":"tras-pandemia-retoma-uv-clases-presenciales","status":"publish","type":"post","link":"https:\/\/encuentroinformativo.com.mx\/?p=30497","title":{"rendered":"Tras pandemia, retoma UV clases presenciales"},"content":{"rendered":"\n<p><strong>Dar\u00edo Pale<\/strong><\/p>\n\n\n\n<p>Xalapa, Ver.- El rector de la Universidad Veracruzana (UV), Mart\u00edn Aguilar S\u00e1nchez, se\u00f1al\u00f3 que en este regreso a clases no se debe de bajar la guardia ya que el Coronavirus no ha desaparecido de la noche a la ma\u00f1ana y la relajaci\u00f3n podr\u00eda traer consecuencias.<\/p>\n\n\n\n<p>Durante el discurso de la inauguraci\u00f3n del ciclo escolar 2022-2023 en el Nido del Halc\u00f3n, se\u00f1al\u00f3 que durante los dos \u00faltimos a\u00f1os y medio vividos desde la incertidumbre y las restricciones parecieron haber durado siglos y al mismo tiempo un rel\u00e1mpago que incendio la historia.<\/p>\n\n\n\n<p>Entre la cat\u00e1strofe y lo individual que los a\u00edsla en los malestares m\u00e1s \u00edntimos lo que eta en riesgo es el futuro, pero no en el sentido cronol\u00f3gico que marca un reloj si no en la importancia que pudiera tener en el presente lo que a\u00fan est\u00e1 por hacer, por crear por ser retomado y por ser repensado.<\/p>\n\n\n\n<p>&#8220;C\u00f3mo responder a las heridas abiertas que la pandemia a dejado en la sociedad para poder hacernos cargo juntos de ellas, que ideas, que palabras, que aprendizajes pueden llegar a tener tanta fuerza como para poner de nuevo la vida a favor de la vida&#8221;, coment\u00f3.<\/p>\n\n\n\n<p>La Universidad Veracruzana tiene y tienen que encontrar las v\u00edas para conectar con las preguntas y las m\u00faltiples formas de expresarlas y compartirlas, no duda que el formato de ense\u00f1anza remota plantea una estructura abierta en las que las y los estudiantes pueden realizar su propia investigaci\u00f3n fuera de clase.<\/p>\n\n\n\n<p>Es flexible en los horarios tanto de alumnos como de profesores y democratiza el conocimiento al disminuir los costos econ\u00f3micos que entra\u00f1a la permanencia en el sistema educativo.<\/p>\n\n\n\n<p>Se\u00f1al\u00f3 que las 430 aulas h\u00edbridas que actualmente funcionen en todas las regiones de la UV son una buena muestra de ello las cuales han sido posibles gracias a las gestiones realizadas ante el Gobierno del Estado quien autoriz\u00f3 que las econom\u00edas de la m\u00e1xima casa de estudios del 2021 fueran destinadas para dicha inversi\u00f3n.<\/p>\n\n\n\n<p>&#8220;La virtualidad ofrece oportunidades \u00fanicas de mejora en la capacidad de acci\u00f3n del sistema educativo, eso tambi\u00e9n abre otros problemas que tiene que ver con la convivencia, la socializaci\u00f3n y con aquella condici\u00f3n indispensable para que el saber no quede reducida a mera informaci\u00f3n, poder construir juntos los contextos, los ambientes y las relaciones de aprendizajes&#8221;, precis\u00f3.<\/p>\n\n\n\n<p>Se\u00f1al\u00f3 que el volver hoy a las aulas implicar\u00e1 por parte de toda la comunidad atenci\u00f3n, conciencia y disciplina del mismo modo que en otros \u00e1mbitos de la vida donde alcanzar un objetivo es consecuencia del esfuerzo y de la concentraci\u00f3n.<\/p>\n\n\n\n<p>Finalmente hizo hincapi\u00e9 en que las medidas de auto cuidado para mantener un entorno saludable deben seguir siendo observadas con mucho celo, ya que el Coronavirus no se ha extinguido de la noche a la ma\u00f1ana y los especialistas han alertado sobre los riesgos que puede traer una relajaci\u00f3n de los cuidados.<\/p>\n","protected":false},"excerpt":{"rendered":"<p>Dar\u00edo Pale Xalapa, Ver.- El rector de la Universidad Veracruzana (UV), Mart\u00edn Aguilar S\u00e1nchez, se\u00f1al\u00f3 que en este regreso a clases no se debe de bajar la guardia ya que el Coronavirus no ha desaparecido de la noche a la ma\u00f1ana y la relajaci\u00f3n podr\u00eda traer consecuencias. Durante el discurso de la inauguraci\u00f3n del ciclo [&hellip;]<\/p>\n","protected":false},"author":1,"featured_media":30498,"comment_status":"open","ping_status":"open","sticky":false,"template":"","format":"standard","meta":{"_jetpack_memberships_contains_paid_content":false,"footnotes":""},"categories":[2],"tags":[],"class_list":["post-30497","post","type-post","status-publish","format-standard","has-post-thumbnail","hentry","category-estado"],"jetpack_featured_media_url":"https:\/\/encuentroinformativo.com.mx\/wp-content\/uploads\/2022\/08\/58621F18-B1FF-4D1A-9F96-41D75AACA8B5.jpeg","jetpack_sharing_enabled":true,"jetpack_likes_enabled":true,"amp_enabled":true,"_links":{"self":[{"href":"https:\/\/encuentroinformativo.com.mx\/index.php?rest_route=\/wp\/v2\/posts\/30497","targetHints":{"allow":["GET"]}}],"collection":[{"href":"https:\/\/encuentroinformativo.com.mx\/index.php?rest_route=\/wp\/v2\/posts"}],"about":[{"href":"https:\/\/encuentroinformativo.com.mx\/index.php?rest_route=\/wp\/v2\/types\/post"}],"author":[{"embeddable":true,"href":"https:\/\/encuentroinformativo.com.mx\/index.php?rest_route=\/wp\/v2\/users\/1"}],"replies":[{"embeddable":true,"href":"https:\/\/encuentroinformativo.com.mx\/index.php?rest_route=%2Fwp%2Fv2%2Fcomments&post=30497"}],"version-history":[{"count":1,"href":"https:\/\/encuentroinformativo.com.mx\/index.php?rest_route=\/wp\/v2\/posts\/30497\/revisions"}],"predecessor-version":[{"id":30499,"href":"https:\/\/encuentroinformativo.com.mx\/index.php?rest_route=\/wp\/v2\/posts\/30497\/revisions\/30499"}],"wp:featuredmedia":[{"embeddable":true,"href":"https:\/\/encuentroinformativo.com.mx\/index.php?rest_route=\/wp\/v2\/media\/30498"}],"wp:attachment":[{"href":"https:\/\/encuentroinformativo.com.mx\/index.php?rest_route=%2Fwp%2Fv2%2Fmedia&parent=30497"}],"wp:term":[{"taxonomy":"category","embeddable":true,"href":"https:\/\/encuentroinformativo.com.mx\/index.php?rest_route=%2Fwp%2Fv2%2Fcategories&post=30497"},{"taxonomy":"post_tag","embeddable":true,"href":"https:\/\/encuentroinformativo.com.mx\/index.php?rest_route=%2Fwp%2Fv2%2Ftags&post=30497"}],"curies":[{"name":"wp","href":"https:\/\/api.w.org\/{rel}","templated":true}]}}