{"id":30503,"date":"2022-08-12T14:23:26","date_gmt":"2022-08-12T19:23:26","guid":{"rendered":"https:\/\/encuentroinformativo.com.mx\/?p=30503"},"modified":"2022-08-12T14:23:30","modified_gmt":"2022-08-12T19:23:30","slug":"academicos-sin-contratiempo-por-regreso-a-clases-fesapauv","status":"publish","type":"post","link":"https:\/\/encuentroinformativo.com.mx\/?p=30503","title":{"rendered":"Acad\u00e9micos sin contratiempo por regreso a clases: FESAPAUV"},"content":{"rendered":"\n<p><strong>Dar\u00edo Pale <\/strong><\/p>\n\n\n\n<p>Xalapa, Ver.- El regreso presencial a clases al cien por ciento es la opci\u00f3n definitiva para los acad\u00e9micos, as\u00ed lo se\u00f1al\u00f3 el secretario general del Sindicato Estatal del Personal Acad\u00e9mico de la Universidad Veracruzana (Fesapauv), Jos\u00e9 Enrique Levet Gorozpe.<\/p>\n\n\n\n<p>Entrevistado al terminar la inauguraci\u00f3n del ciclo escolar en la UV, asegur\u00f3 que no hay ning\u00fan inconveniente por parte de los m\u00e1s de 6 mil acad\u00e9micos que forman parte del Sindicato para regresar de manera presencial.<\/p>\n\n\n\n<p>Destac\u00f3 que las autoridades universitarias han procurado tener la estructura al cien por ciento para el inicio de clases.<\/p>\n\n\n\n<p>&#8220;Siempre en un proceso de transici\u00f3n, de venir de un modelo virtual a un modelo presencial, siempre puede haber algunos detalles que hay que platicar y esos detalles los estamos observando y se los planteamos a las autoridades de acuerdo a quien le corresponda&#8221;, se\u00f1al\u00f3.<\/p>\n\n\n\n<p>Afirm\u00f3 que la Universidad ha cumplido al cien por ciento con las demandas de la organizaci\u00f3n sindical, &#8220;no tenemos ning\u00fan problema&#8221;.<\/p>\n\n\n\n<p>Record\u00f3 que la UV pact\u00f3 con Fesapauv los incrementos salariales en el mes de febrero y hasta ahorita las cosas marchan bien en ese aspecto.<\/p>\n\n\n\n<p>Finalmente en cuanto a las recategorizaciones, explic\u00f3 que estas se establecen en el Contrato Colectivo de Trabajo, as\u00ed como en el Estatuto del Personal Acad\u00e9mico, &#8220;desde siempre&#8221;.<\/p>\n","protected":false},"excerpt":{"rendered":"<p>Dar\u00edo Pale Xalapa, Ver.- El regreso presencial a clases al cien por ciento es la opci\u00f3n definitiva para los acad\u00e9micos, as\u00ed lo se\u00f1al\u00f3 el secretario general del Sindicato Estatal del Personal Acad\u00e9mico de la Universidad Veracruzana (Fesapauv), Jos\u00e9 Enrique Levet Gorozpe. Entrevistado al terminar la inauguraci\u00f3n del ciclo escolar en la UV, asegur\u00f3 que no [&hellip;]<\/p>\n","protected":false},"author":1,"featured_media":30504,"comment_status":"open","ping_status":"open","sticky":false,"template":"","format":"standard","meta":{"_jetpack_memberships_contains_paid_content":false,"footnotes":""},"categories":[3],"tags":[],"class_list":["post-30503","post","type-post","status-publish","format-standard","has-post-thumbnail","hentry","category-xalapa"],"jetpack_featured_media_url":"https:\/\/encuentroinformativo.com.mx\/wp-content\/uploads\/2022\/08\/1F6D3F8F-963F-4304-BE77-A13BEB7E7719.jpeg","jetpack_sharing_enabled":true,"jetpack_likes_enabled":true,"amp_enabled":true,"_links":{"self":[{"href":"https:\/\/encuentroinformativo.com.mx\/index.php?rest_route=\/wp\/v2\/posts\/30503","targetHints":{"allow":["GET"]}}],"collection":[{"href":"https:\/\/encuentroinformativo.com.mx\/index.php?rest_route=\/wp\/v2\/posts"}],"about":[{"href":"https:\/\/encuentroinformativo.com.mx\/index.php?rest_route=\/wp\/v2\/types\/post"}],"author":[{"embeddable":true,"href":"https:\/\/encuentroinformativo.com.mx\/index.php?rest_route=\/wp\/v2\/users\/1"}],"replies":[{"embeddable":true,"href":"https:\/\/encuentroinformativo.com.mx\/index.php?rest_route=%2Fwp%2Fv2%2Fcomments&post=30503"}],"version-history":[{"count":1,"href":"https:\/\/encuentroinformativo.com.mx\/index.php?rest_route=\/wp\/v2\/posts\/30503\/revisions"}],"predecessor-version":[{"id":30505,"href":"https:\/\/encuentroinformativo.com.mx\/index.php?rest_route=\/wp\/v2\/posts\/30503\/revisions\/30505"}],"wp:featuredmedia":[{"embeddable":true,"href":"https:\/\/encuentroinformativo.com.mx\/index.php?rest_route=\/wp\/v2\/media\/30504"}],"wp:attachment":[{"href":"https:\/\/encuentroinformativo.com.mx\/index.php?rest_route=%2Fwp%2Fv2%2Fmedia&parent=30503"}],"wp:term":[{"taxonomy":"category","embeddable":true,"href":"https:\/\/encuentroinformativo.com.mx\/index.php?rest_route=%2Fwp%2Fv2%2Fcategories&post=30503"},{"taxonomy":"post_tag","embeddable":true,"href":"https:\/\/encuentroinformativo.com.mx\/index.php?rest_route=%2Fwp%2Fv2%2Ftags&post=30503"}],"curies":[{"name":"wp","href":"https:\/\/api.w.org\/{rel}","templated":true}]}}