{"id":30506,"date":"2022-08-12T14:30:47","date_gmt":"2022-08-12T19:30:47","guid":{"rendered":"https:\/\/encuentroinformativo.com.mx\/?p=30506"},"modified":"2022-08-12T14:30:51","modified_gmt":"2022-08-12T19:30:51","slug":"rehabilitan-centros-asistenciales-infantiles-en-boca-del-rio","status":"publish","type":"post","link":"https:\/\/encuentroinformativo.com.mx\/?p=30506","title":{"rendered":"Rehabilitan Centros Asistenciales Infantiles en Boca del R\u00edo"},"content":{"rendered":"\n<p><strong>Alejandro \u00c1vila\u00a0<\/strong><\/p>\n\n\n\n<p>Boca del R\u00edo, Ver.- Con la finalidad de proporcionar un lugar seguro y adecuado para las pr\u00e1cticas educativas, el Ayuntamiento de Boca del R\u00edo se encuentra realizando labores de rehabilitaci\u00f3n en los centros de desarrollo infantil de la ciudad.<\/p>\n\n\n\n<p>El alcalde, Juan Manuel Unanue Abascal detall\u00f3 que, se trata de los espacios a cargo del DIF, los cu\u00e1les son: los Centros Asistenciales de Desarrollo Infantil (CADI), Centros de Asistencia Infantil Comunitarios (CAIC) y la Guarder\u00eda Boque\u00f1itos Carranza.<\/p>\n\n\n\n<p>\u201cSe est\u00e1n rehabilitando desde hace tres meses, vamos a dejarlas impecables, obviamente con todos los servicios, con todo el mobiliario\u201d, mencion\u00f3.<\/p>\n\n\n\n<p>De la misma manera, el edil panista asegur\u00f3 que, a trav\u00e9s del programa Lunes Ciudadano, que se realiza cada 15 d\u00edas en el patio central del Palacio Municipal, se encuentran recabando informaci\u00f3n ciudadana para cimentar el Plan General de Inversi\u00f3n del pr\u00f3ximo a\u00f1o.<\/p>\n\n\n\n<p>En el mismo sitio se reciben solicitudes y quejas, las cuales asegur\u00f3, se resuelven el mismo d\u00eda cuando o en el transcurso de la semana, en un 90 por ciento.<\/p>\n\n\n\n<p>\u201cRecibimos solicitudes, quejas y eso nos da la oportunidad de ir mejorando el trabajo que venimos desempe\u00f1ando desde hace siete meses, atendemos de manera directa a los ciudadanos, los escuchamos y de dar soluci\u00f3n a las diferentes problem\u00e1ticas\u201d.&nbsp;<\/p>\n","protected":false},"excerpt":{"rendered":"<p>Alejandro \u00c1vila\u00a0 Boca del R\u00edo, Ver.- Con la finalidad de proporcionar un lugar seguro y adecuado para las pr\u00e1cticas educativas, el Ayuntamiento de Boca del R\u00edo se encuentra realizando labores de rehabilitaci\u00f3n en los centros de desarrollo infantil de la ciudad. El alcalde, Juan Manuel Unanue Abascal detall\u00f3 que, se trata de los espacios a [&hellip;]<\/p>\n","protected":false},"author":1,"featured_media":30507,"comment_status":"open","ping_status":"open","sticky":false,"template":"","format":"standard","meta":{"_jetpack_memberships_contains_paid_content":false,"footnotes":""},"categories":[2],"tags":[],"class_list":["post-30506","post","type-post","status-publish","format-standard","has-post-thumbnail","hentry","category-estado"],"jetpack_featured_media_url":"https:\/\/encuentroinformativo.com.mx\/wp-content\/uploads\/2022\/08\/A6F1C8E7-AD7A-419E-A041-AE7643BE5BFF.jpeg","jetpack_sharing_enabled":true,"jetpack_likes_enabled":true,"amp_enabled":true,"_links":{"self":[{"href":"https:\/\/encuentroinformativo.com.mx\/index.php?rest_route=\/wp\/v2\/posts\/30506","targetHints":{"allow":["GET"]}}],"collection":[{"href":"https:\/\/encuentroinformativo.com.mx\/index.php?rest_route=\/wp\/v2\/posts"}],"about":[{"href":"https:\/\/encuentroinformativo.com.mx\/index.php?rest_route=\/wp\/v2\/types\/post"}],"author":[{"embeddable":true,"href":"https:\/\/encuentroinformativo.com.mx\/index.php?rest_route=\/wp\/v2\/users\/1"}],"replies":[{"embeddable":true,"href":"https:\/\/encuentroinformativo.com.mx\/index.php?rest_route=%2Fwp%2Fv2%2Fcomments&post=30506"}],"version-history":[{"count":1,"href":"https:\/\/encuentroinformativo.com.mx\/index.php?rest_route=\/wp\/v2\/posts\/30506\/revisions"}],"predecessor-version":[{"id":30508,"href":"https:\/\/encuentroinformativo.com.mx\/index.php?rest_route=\/wp\/v2\/posts\/30506\/revisions\/30508"}],"wp:featuredmedia":[{"embeddable":true,"href":"https:\/\/encuentroinformativo.com.mx\/index.php?rest_route=\/wp\/v2\/media\/30507"}],"wp:attachment":[{"href":"https:\/\/encuentroinformativo.com.mx\/index.php?rest_route=%2Fwp%2Fv2%2Fmedia&parent=30506"}],"wp:term":[{"taxonomy":"category","embeddable":true,"href":"https:\/\/encuentroinformativo.com.mx\/index.php?rest_route=%2Fwp%2Fv2%2Fcategories&post=30506"},{"taxonomy":"post_tag","embeddable":true,"href":"https:\/\/encuentroinformativo.com.mx\/index.php?rest_route=%2Fwp%2Fv2%2Ftags&post=30506"}],"curies":[{"name":"wp","href":"https:\/\/api.w.org\/{rel}","templated":true}]}}