{"id":30514,"date":"2022-08-13T12:05:43","date_gmt":"2022-08-13T17:05:43","guid":{"rendered":"https:\/\/encuentroinformativo.com.mx\/?p=30514"},"modified":"2022-08-13T12:05:47","modified_gmt":"2022-08-13T17:05:47","slug":"se-defiende-empresario-citrico-de-acusaciones-de-alcaldesa-de-sayula-de-aleman","status":"publish","type":"post","link":"https:\/\/encuentroinformativo.com.mx\/?p=30514","title":{"rendered":"Se defiende empresario c\u00edtrico de acusaciones de alcaldesa de Sayula de Alem\u00e1n"},"content":{"rendered":"\n<p><strong>Alejandro \u00c1vila<\/strong><\/p>\n\n\n\n<p>Sayula de Alem\u00e1n, Ver.- El empresario c\u00edtrico, Erasmo V\u00e1zquez Gonz\u00e1lez, neg\u00f3 las acusaciones hechas en su contra por la alcaldesa de Sayula de Alem\u00e1n, Lorena S\u00e1nchez Vargas, qui\u00e9n asegura este la extorsiona e incluso, mantiene secuestrado a su hijo.<\/p>\n\n\n\n<p>Cabe recordar que la edil morenista dijo ante un medio de comunicaci\u00f3n nacional, qu\u00e9 es reh\u00e9n de un grupo delictivo, mismo que desde hace 7 meses con todas las finanzas municipales.<\/p>\n\n\n\n<p>&#8220;Hay testigos de que la se\u00f1ora cu\u00e1ndo sali\u00f3, a los 20 minutos fue su hermano por el ni\u00f1o, as\u00ed que no entiendo por qu\u00e9 me acusas sin fundamento. Aclaro que nada tengo que ver con la delincuencia porque soy un hombre de trabajo, y por eso, as\u00ed como me ven muy tranquilo, porque no le debo a nadie&#8221;, dijo el empresario.<\/p>\n\n\n\n<p>Est\u00e1 denuncia de la alcaldesa, que incluso ya se dio a conocer a nivel nacional, caus\u00f3 gran revuelo en Sayula de Alem\u00e1n, por lo que, allegados a la presidenta municipal, aseguran que ella est\u00e1 mintiendo.<\/p>\n\n\n\n<p>Este viernes, el mismo Erasmo V\u00e1zquez&nbsp; dio a conocer en rueda de prensa, capturas de pantalla de conversaciones en WhatsApp entre la alcaldesa y su chofer y guardaespaldas, conocido como &#8220;El Chunco&#8221;, a qui\u00e9n se\u00f1al\u00f3 a nivel nacional de ser uno de los secuestradores de su hijo.<\/p>\n\n\n\n<p>&#8220;C\u00f3mo va a ser posible que si te tienen secuestrado, le das \u00f3rdenes al secuestrado a tu hijo, para que lo lleve y lo traiga a todos lados eso no es verdad&#8221;, se\u00f1al\u00f3 el empresario.<\/p>\n\n\n\n<p>Empleados municipales, dijeron desconocer los motivos por los cuales la alcaldesa ha tomado est\u00e1 actitud, y confirmaron la cercan\u00eda con su chofer y escolta, del cual desconocen porque ahora lo quiere se\u00f1alar como presunto secuestrador.<\/p>\n\n\n\n<p>Erasmo V\u00e1zquez reconoci\u00f3 haber apoyado durante su campa\u00f1a a la ahora alcaldesa Lorena S\u00e1nchez; sin embargo, aclar\u00f3 que, al llegar al poder, est\u00e1 le retir\u00f3 el habla y no cumpli\u00f3 con los compromisos pactados.<\/p>\n","protected":false},"excerpt":{"rendered":"<p>Alejandro \u00c1vila Sayula de Alem\u00e1n, Ver.- El empresario c\u00edtrico, Erasmo V\u00e1zquez Gonz\u00e1lez, neg\u00f3 las acusaciones hechas en su contra por la alcaldesa de Sayula de Alem\u00e1n, Lorena S\u00e1nchez Vargas, qui\u00e9n asegura este la extorsiona e incluso, mantiene secuestrado a su hijo. Cabe recordar que la edil morenista dijo ante un medio de comunicaci\u00f3n nacional, qu\u00e9 [&hellip;]<\/p>\n","protected":false},"author":1,"featured_media":30515,"comment_status":"open","ping_status":"open","sticky":false,"template":"","format":"standard","meta":{"_jetpack_memberships_contains_paid_content":false,"footnotes":""},"categories":[2],"tags":[],"class_list":["post-30514","post","type-post","status-publish","format-standard","has-post-thumbnail","hentry","category-estado"],"jetpack_featured_media_url":"https:\/\/encuentroinformativo.com.mx\/wp-content\/uploads\/2022\/08\/11702D24-8E5F-4366-9D83-33564F482340.jpeg","jetpack_sharing_enabled":true,"jetpack_likes_enabled":true,"amp_enabled":true,"_links":{"self":[{"href":"https:\/\/encuentroinformativo.com.mx\/index.php?rest_route=\/wp\/v2\/posts\/30514","targetHints":{"allow":["GET"]}}],"collection":[{"href":"https:\/\/encuentroinformativo.com.mx\/index.php?rest_route=\/wp\/v2\/posts"}],"about":[{"href":"https:\/\/encuentroinformativo.com.mx\/index.php?rest_route=\/wp\/v2\/types\/post"}],"author":[{"embeddable":true,"href":"https:\/\/encuentroinformativo.com.mx\/index.php?rest_route=\/wp\/v2\/users\/1"}],"replies":[{"embeddable":true,"href":"https:\/\/encuentroinformativo.com.mx\/index.php?rest_route=%2Fwp%2Fv2%2Fcomments&post=30514"}],"version-history":[{"count":1,"href":"https:\/\/encuentroinformativo.com.mx\/index.php?rest_route=\/wp\/v2\/posts\/30514\/revisions"}],"predecessor-version":[{"id":30516,"href":"https:\/\/encuentroinformativo.com.mx\/index.php?rest_route=\/wp\/v2\/posts\/30514\/revisions\/30516"}],"wp:featuredmedia":[{"embeddable":true,"href":"https:\/\/encuentroinformativo.com.mx\/index.php?rest_route=\/wp\/v2\/media\/30515"}],"wp:attachment":[{"href":"https:\/\/encuentroinformativo.com.mx\/index.php?rest_route=%2Fwp%2Fv2%2Fmedia&parent=30514"}],"wp:term":[{"taxonomy":"category","embeddable":true,"href":"https:\/\/encuentroinformativo.com.mx\/index.php?rest_route=%2Fwp%2Fv2%2Fcategories&post=30514"},{"taxonomy":"post_tag","embeddable":true,"href":"https:\/\/encuentroinformativo.com.mx\/index.php?rest_route=%2Fwp%2Fv2%2Ftags&post=30514"}],"curies":[{"name":"wp","href":"https:\/\/api.w.org\/{rel}","templated":true}]}}