{"id":30534,"date":"2022-08-14T13:52:32","date_gmt":"2022-08-14T18:52:32","guid":{"rendered":"https:\/\/encuentroinformativo.com.mx\/?p=30534"},"modified":"2022-08-14T13:52:35","modified_gmt":"2022-08-14T18:52:35","slug":"yesenia-n-presunta-autora-de-multihomicidio-dio-a-luz","status":"publish","type":"post","link":"https:\/\/encuentroinformativo.com.mx\/?p=30534","title":{"rendered":"Yesenia \u201cN\u201d, presunta autora de multihomicidio dio a luz"},"content":{"rendered":"\n<p><strong>Juan Arcos <\/strong><\/p>\n\n\n\n<p>Xalapa, Ver.- Yesenia \u201cN\u201d dio a luz la tarde del s\u00e1bado 13 de agosto, quien est\u00e1 presa como presunta autora intelectual del multihomicidio de su familia en la colonia Ejido 1 de Mayo, en el municipio de Boca del R\u00edo.<\/p>\n\n\n\n<p>La mujer fue trasladada del penalito de Playa Linda a la cl\u00ednica 71 del Instituto Mexicano del Seguro Social (IMSS), en la ciudad de Veracruz , donde sali\u00f3 alrededor de las dos de la tarde.<\/p>\n\n\n\n<p>De acuerdo con fuentes extraoficiales, el parto fue por ces\u00e1rea para agilizar el proceso de dilataci\u00f3n, mismo que demor\u00f3 varias horas debido a presuntas complicaciones.<\/p>\n\n\n\n<p>La mujer fue custodiada por personal de la Direcci\u00f3n General de Reinserci\u00f3n Social en todo momento. Se sabe que la salud de ella y su reci\u00e9n nacido es estable.<\/p>\n\n\n\n<p>Adem\u00e1s, se observ\u00f3 una fuerte movilizaci\u00f3n policiaca y vigilancia constante afuera del hospital, ubicado sobre la avenida Salvador D\u00edaz Mir\u00f3n.<\/p>\n\n\n\n<p>Durante las audiencias de imputaci\u00f3n y vinculaci\u00f3n en los juzgados de Veracruz, los abogados de Yessenia solicitaron arresto domiciliario debido a que estaba embarazada y a punto de dar a luz.<\/p>\n\n\n\n<p>Sin embargo, la jueza Alma Aleida Sosa Jim\u00e9nez neg\u00f3 dicha situaci\u00f3n e impuso la medida cautelar de prisi\u00f3n preventiva oficiosa durante todo el tiempo que dure el proceso, bajo el argumento de que nomerec\u00eda privilegios por la gravedad del crimen que presuntamente cometi\u00f3.<\/p>\n\n\n\n<p>El pasado 8 de agosto, Yesenia fue vinculada a proceso por el asesinato de siete de sus familiares, entre ellos un menor de edad.<\/p>\n\n\n\n<p>Los hechos ocurrieran la noche del 3 de julio, en el domicilio ubicado sobre la calle \u00darsulo Galv\u00e1n, esquina Covarrubias, donde las personas fueron asesinadas a balazos, mientras dorm\u00edan.\u00a0\u00a0La autoridad judicial confirm\u00f3 la medida cautelar de prisi\u00f3n preventiva oficiosa por el tiempo que dure el proceso penal 679\/2022, otorgando cuatro meses de investigaci\u00f3n complementaria.<\/p>\n\n\n\n<p>La presunta autora intelectual de esta masacre fue detenida el martes 2 de agosto en Ciudad Lerdo, estado de Durango, y posteriormente trasladada a Veracruz.<\/p>\n\n\n\n<p>La familia asesinada era originaria de Lerdo, estado de Durango. Esa noche Yesenia y sus dos hijos se encontraban en el sitio; presuntamente se resguardaron y no fueron vistos por los asesinos, por lo que resultaron ilesos.<\/p>\n\n\n\n<p>Autoridades estatales confirmaron que la l\u00ednea de investigaci\u00f3n que sigue la Fiscal\u00eda General del Estado de Veracruz corresponde a un pleito familiar por la herencia.<\/p>\n","protected":false},"excerpt":{"rendered":"<p>Juan Arcos Xalapa, Ver.- Yesenia \u201cN\u201d dio a luz la tarde del s\u00e1bado 13 de agosto, quien est\u00e1 presa como presunta autora intelectual del multihomicidio de su familia en la colonia Ejido 1 de Mayo, en el municipio de Boca del R\u00edo. La mujer fue trasladada del penalito de Playa Linda a la cl\u00ednica 71 [&hellip;]<\/p>\n","protected":false},"author":1,"featured_media":30535,"comment_status":"open","ping_status":"open","sticky":false,"template":"","format":"standard","meta":{"_jetpack_memberships_contains_paid_content":false,"footnotes":""},"categories":[2],"tags":[],"class_list":["post-30534","post","type-post","status-publish","format-standard","has-post-thumbnail","hentry","category-estado"],"jetpack_featured_media_url":"https:\/\/encuentroinformativo.com.mx\/wp-content\/uploads\/2022\/08\/C2B7A0FA-1AEC-42B0-B023-80322B16A700.jpeg","jetpack_sharing_enabled":true,"jetpack_likes_enabled":true,"amp_enabled":true,"_links":{"self":[{"href":"https:\/\/encuentroinformativo.com.mx\/index.php?rest_route=\/wp\/v2\/posts\/30534","targetHints":{"allow":["GET"]}}],"collection":[{"href":"https:\/\/encuentroinformativo.com.mx\/index.php?rest_route=\/wp\/v2\/posts"}],"about":[{"href":"https:\/\/encuentroinformativo.com.mx\/index.php?rest_route=\/wp\/v2\/types\/post"}],"author":[{"embeddable":true,"href":"https:\/\/encuentroinformativo.com.mx\/index.php?rest_route=\/wp\/v2\/users\/1"}],"replies":[{"embeddable":true,"href":"https:\/\/encuentroinformativo.com.mx\/index.php?rest_route=%2Fwp%2Fv2%2Fcomments&post=30534"}],"version-history":[{"count":1,"href":"https:\/\/encuentroinformativo.com.mx\/index.php?rest_route=\/wp\/v2\/posts\/30534\/revisions"}],"predecessor-version":[{"id":30536,"href":"https:\/\/encuentroinformativo.com.mx\/index.php?rest_route=\/wp\/v2\/posts\/30534\/revisions\/30536"}],"wp:featuredmedia":[{"embeddable":true,"href":"https:\/\/encuentroinformativo.com.mx\/index.php?rest_route=\/wp\/v2\/media\/30535"}],"wp:attachment":[{"href":"https:\/\/encuentroinformativo.com.mx\/index.php?rest_route=%2Fwp%2Fv2%2Fmedia&parent=30534"}],"wp:term":[{"taxonomy":"category","embeddable":true,"href":"https:\/\/encuentroinformativo.com.mx\/index.php?rest_route=%2Fwp%2Fv2%2Fcategories&post=30534"},{"taxonomy":"post_tag","embeddable":true,"href":"https:\/\/encuentroinformativo.com.mx\/index.php?rest_route=%2Fwp%2Fv2%2Ftags&post=30534"}],"curies":[{"name":"wp","href":"https:\/\/api.w.org\/{rel}","templated":true}]}}