{"id":30544,"date":"2022-08-15T09:29:58","date_gmt":"2022-08-15T14:29:58","guid":{"rendered":"https:\/\/encuentroinformativo.com.mx\/?p=30544"},"modified":"2022-08-15T09:30:02","modified_gmt":"2022-08-15T14:30:02","slug":"emprendedores-jarochos-buscan-nueva-imagen-de-zona-norte","status":"publish","type":"post","link":"https:\/\/encuentroinformativo.com.mx\/?p=30544","title":{"rendered":"Emprendedores jarochos buscan nueva imagen de zona norte"},"content":{"rendered":"\n<p><strong>Alejandro \u00c1vila<\/strong><\/p>\n\n\n\n<p>Veracruz, Ver.- Las colonias de la zona norte del municipio de Veracruz est\u00e1n llenas de mitos urbanos que han sido plasmados en memes a trav\u00e9s de redes sociales, sobre todo aquellos que tienen que ver con la inseguridad.<\/p>\n\n\n\n<p>Sin embargo, en la \u00faltima d\u00e9cada, tanto la poblaci\u00f3n, como la creaci\u00f3n de comercios, ha aumentado considerablemente.<\/p>\n\n\n\n<p>Es por ello que un grupo de j\u00f3venes emprendedores del Puerto de Veracruz, buscan cambiar la imagen y perspectiva que se tiene de la zona norte de la ciudad, organizando una Expo Bazar.<\/p>\n\n\n\n<p>&#8220;Es un Bazar con tem\u00e1tica de barrio completamente diferente, con flow y estilo a la vieja escuela, tendremos rap, DJ en vivo, haciendo a un lado la t\u00edpica m\u00fasica de tiendas departamentales. Contaremos con emprendimientos de bebida, comida, joyer\u00eda, snacks, bisuter\u00eda artesanal, accesorios, ropa nueva y de segunda mano, para dama y caballero, tatuajes, perforaciones, art\u00edculos de anime y much\u00edsimo m\u00e1s. La finalidad de esta Expo es cambiar la perspectiva que tienen de la zona y demostrar que est\u00e1 lleno de negocios de buena calidad y buen ambiente&#8221;, explic\u00f3 Kimberley Castillo una de las organizadoras del evento.<\/p>\n\n\n\n<p>Son m\u00e1s de 30 expositores que el pr\u00f3ximo s\u00e1bado 3 de septiembre se reunir\u00e1n en Playa Los Cocos entre Playa Escondida y Playa Miramar de la colonia Playa Linda, en horario de 9 de la ma\u00f1ana a 8 de la noche; d\u00f3nde aseguran presentar una Expo Bazar vanguardista, y nada similar a las que ya existen en la zona conurbada de Veracruz y Boca del R\u00edo.<\/p>\n\n\n\n<figure class=\"wp-block-image size-large\"><img loading=\"lazy\" decoding=\"async\" width=\"576\" height=\"1024\" src=\"https:\/\/encuentroinformativo.com.mx\/wp-content\/uploads\/2022\/08\/E76EA628-89DB-4B6F-B3B8-760A8780D560-576x1024.jpeg\" alt=\"\" class=\"wp-image-30545\" srcset=\"https:\/\/encuentroinformativo.com.mx\/wp-content\/uploads\/2022\/08\/E76EA628-89DB-4B6F-B3B8-760A8780D560-576x1024.jpeg 576w, https:\/\/encuentroinformativo.com.mx\/wp-content\/uploads\/2022\/08\/E76EA628-89DB-4B6F-B3B8-760A8780D560-169x300.jpeg 169w, https:\/\/encuentroinformativo.com.mx\/wp-content\/uploads\/2022\/08\/E76EA628-89DB-4B6F-B3B8-760A8780D560-768x1365.jpeg 768w, https:\/\/encuentroinformativo.com.mx\/wp-content\/uploads\/2022\/08\/E76EA628-89DB-4B6F-B3B8-760A8780D560-864x1536.jpeg 864w, https:\/\/encuentroinformativo.com.mx\/wp-content\/uploads\/2022\/08\/E76EA628-89DB-4B6F-B3B8-760A8780D560.jpeg 900w\" sizes=\"auto, (max-width: 576px) 100vw, 576px\" \/><\/figure>\n","protected":false},"excerpt":{"rendered":"<p>Alejandro \u00c1vila Veracruz, Ver.- Las colonias de la zona norte del municipio de Veracruz est\u00e1n llenas de mitos urbanos que han sido plasmados en memes a trav\u00e9s de redes sociales, sobre todo aquellos que tienen que ver con la inseguridad. Sin embargo, en la \u00faltima d\u00e9cada, tanto la poblaci\u00f3n, como la creaci\u00f3n de comercios, ha [&hellip;]<\/p>\n","protected":false},"author":1,"featured_media":30545,"comment_status":"open","ping_status":"open","sticky":false,"template":"","format":"standard","meta":{"_jetpack_memberships_contains_paid_content":false,"footnotes":""},"categories":[2],"tags":[],"class_list":["post-30544","post","type-post","status-publish","format-standard","has-post-thumbnail","hentry","category-estado"],"jetpack_featured_media_url":"https:\/\/encuentroinformativo.com.mx\/wp-content\/uploads\/2022\/08\/E76EA628-89DB-4B6F-B3B8-760A8780D560.jpeg","jetpack_sharing_enabled":true,"jetpack_likes_enabled":true,"amp_enabled":true,"_links":{"self":[{"href":"https:\/\/encuentroinformativo.com.mx\/index.php?rest_route=\/wp\/v2\/posts\/30544","targetHints":{"allow":["GET"]}}],"collection":[{"href":"https:\/\/encuentroinformativo.com.mx\/index.php?rest_route=\/wp\/v2\/posts"}],"about":[{"href":"https:\/\/encuentroinformativo.com.mx\/index.php?rest_route=\/wp\/v2\/types\/post"}],"author":[{"embeddable":true,"href":"https:\/\/encuentroinformativo.com.mx\/index.php?rest_route=\/wp\/v2\/users\/1"}],"replies":[{"embeddable":true,"href":"https:\/\/encuentroinformativo.com.mx\/index.php?rest_route=%2Fwp%2Fv2%2Fcomments&post=30544"}],"version-history":[{"count":1,"href":"https:\/\/encuentroinformativo.com.mx\/index.php?rest_route=\/wp\/v2\/posts\/30544\/revisions"}],"predecessor-version":[{"id":30546,"href":"https:\/\/encuentroinformativo.com.mx\/index.php?rest_route=\/wp\/v2\/posts\/30544\/revisions\/30546"}],"wp:featuredmedia":[{"embeddable":true,"href":"https:\/\/encuentroinformativo.com.mx\/index.php?rest_route=\/wp\/v2\/media\/30545"}],"wp:attachment":[{"href":"https:\/\/encuentroinformativo.com.mx\/index.php?rest_route=%2Fwp%2Fv2%2Fmedia&parent=30544"}],"wp:term":[{"taxonomy":"category","embeddable":true,"href":"https:\/\/encuentroinformativo.com.mx\/index.php?rest_route=%2Fwp%2Fv2%2Fcategories&post=30544"},{"taxonomy":"post_tag","embeddable":true,"href":"https:\/\/encuentroinformativo.com.mx\/index.php?rest_route=%2Fwp%2Fv2%2Ftags&post=30544"}],"curies":[{"name":"wp","href":"https:\/\/api.w.org\/{rel}","templated":true}]}}