{"id":30555,"date":"2022-08-15T12:37:08","date_gmt":"2022-08-15T17:37:08","guid":{"rendered":"https:\/\/encuentroinformativo.com.mx\/?p=30555"},"modified":"2022-08-15T12:37:12","modified_gmt":"2022-08-15T17:37:12","slug":"en-el-pan-no-hay-lugares-apartados-senador","status":"publish","type":"post","link":"https:\/\/encuentroinformativo.com.mx\/?p=30555","title":{"rendered":"En el PAN no hay lugares apartados: Senador"},"content":{"rendered":"\n<p><strong>Dar\u00edo Pale <\/strong><\/p>\n\n\n\n<p>Xalapa, Ver.- El senador y coordinador del grupo parlamentario del Partido Acci\u00f3n Nacional (PAN), Julen Rementeria Del Puerto dio a conocer que para la candidatura no hay lugares apartados, aunque no precis\u00f3 si buscar\u00e1 la candidatura a Gobernador.<\/p>\n\n\n\n<p>En conferencia de prensa coment\u00f3 que el que est\u00e9 mejor posicionado sea el que encabece la candidatura, m\u00e1s all\u00e1 de los partidos y personas.<\/p>\n\n\n\n<p>\u201cDe momento no tiene lugar nadie que yo sepa, en realidad no hay lugares apartados, yo creo qu\u00e9 hay que actuar con generosidad y la posibilidad de que pueda llegarse a un acuerdo, quien est\u00e9 mejor sea el que lo encabece\u201d, se\u00f1al\u00f3.<\/p>\n\n\n\n<p>Sobre sus aspiraciones a la gubernatura dijo que \u201cese es un tema que tiene que pasar mucho tiempo, estamos todav\u00eda en agosto, faltan much\u00edsimos meses y habr\u00e1 que atenderlo en el momento adecuado\u201d.<\/p>\n\n\n\n<p>Dio a conocer que por el momento se est\u00e1 ocupando de la responsabilidad que tiene como Coordinador del Grupo Parlamentario del PAN en el senado donde ha tratado de trabajar y dar los mejores resultados posibles.<\/p>\n\n\n\n<p>Precis\u00f3 que lo correcto es esperar a que la alianza se consolide y posterior a ello definir un m\u00e9todo para decidir qui\u00e9n abanderar\u00eda la candidatura.<\/p>\n\n\n\n<p>\u201cPorque de otra manera podr\u00eda llegar incluso a generar condiciones de rivalidad que no necesitamos en este momento entre un partido y otro de los que posiblemente de al\u00eden, si de repente sale uno, otro y otro, entonces se van las posiciones radicalizando y se dificulta las posiciones de llegar a un acuerdo\u201d, coment\u00f3.<\/p>\n\n\n\n<p>Finamente dio a concomer que lo que se pretende evitar es precisamente lo que est\u00e1 pasando en Morena, donde hay una carnicer\u00eda entre distintos actores pol\u00edticos de ese partido.<\/p>\n\n\n\n<p><strong>Caso Tito Delf\u00edn <\/strong><\/p>\n\n\n\n<p>En otro tema, Rementer\u00eda del Puerto dijo que Tito Delf\u00edn Cano, no est\u00e1 olvidado en la c\u00e1rcel, por el contrario estamos al pendiente de su caso.<\/p>\n\n\n\n<p>\u201cNo se ha olvidado, el asunto va, precisamente est\u00e1 en la parte de los tribunales buscando que se pueda resolver favorablemente para su causa como justamente corresponde\u201d.<\/p>\n\n\n\n<p>Indic\u00f3 que tiene contacto con los abogados para estar al pendiente del juicio que se le sigue y pueda obtener su libertad.<\/p>\n\n\n\n<p>Finalmente se\u00f1al\u00f3 que, \u201chemos estado pendiente con los abogados de ellos, no somos nosotros los actores pero hemos estado pendiente de que se lleven a cabo las diligencias que se tengan que llevar en el juicio que se le sigue\u201d.<\/p>\n","protected":false},"excerpt":{"rendered":"<p>Dar\u00edo Pale Xalapa, Ver.- El senador y coordinador del grupo parlamentario del Partido Acci\u00f3n Nacional (PAN), Julen Rementeria Del Puerto dio a conocer que para la candidatura no hay lugares apartados, aunque no precis\u00f3 si buscar\u00e1 la candidatura a Gobernador. En conferencia de prensa coment\u00f3 que el que est\u00e9 mejor posicionado sea el que encabece [&hellip;]<\/p>\n","protected":false},"author":1,"featured_media":30556,"comment_status":"open","ping_status":"open","sticky":false,"template":"","format":"standard","meta":{"_jetpack_memberships_contains_paid_content":false,"footnotes":""},"categories":[2],"tags":[],"class_list":["post-30555","post","type-post","status-publish","format-standard","has-post-thumbnail","hentry","category-estado"],"jetpack_featured_media_url":"https:\/\/encuentroinformativo.com.mx\/wp-content\/uploads\/2022\/08\/461811EC-5ECE-4B2D-8A88-9AE7E42D5F53.jpeg","jetpack_sharing_enabled":true,"jetpack_likes_enabled":true,"amp_enabled":true,"_links":{"self":[{"href":"https:\/\/encuentroinformativo.com.mx\/index.php?rest_route=\/wp\/v2\/posts\/30555","targetHints":{"allow":["GET"]}}],"collection":[{"href":"https:\/\/encuentroinformativo.com.mx\/index.php?rest_route=\/wp\/v2\/posts"}],"about":[{"href":"https:\/\/encuentroinformativo.com.mx\/index.php?rest_route=\/wp\/v2\/types\/post"}],"author":[{"embeddable":true,"href":"https:\/\/encuentroinformativo.com.mx\/index.php?rest_route=\/wp\/v2\/users\/1"}],"replies":[{"embeddable":true,"href":"https:\/\/encuentroinformativo.com.mx\/index.php?rest_route=%2Fwp%2Fv2%2Fcomments&post=30555"}],"version-history":[{"count":1,"href":"https:\/\/encuentroinformativo.com.mx\/index.php?rest_route=\/wp\/v2\/posts\/30555\/revisions"}],"predecessor-version":[{"id":30557,"href":"https:\/\/encuentroinformativo.com.mx\/index.php?rest_route=\/wp\/v2\/posts\/30555\/revisions\/30557"}],"wp:featuredmedia":[{"embeddable":true,"href":"https:\/\/encuentroinformativo.com.mx\/index.php?rest_route=\/wp\/v2\/media\/30556"}],"wp:attachment":[{"href":"https:\/\/encuentroinformativo.com.mx\/index.php?rest_route=%2Fwp%2Fv2%2Fmedia&parent=30555"}],"wp:term":[{"taxonomy":"category","embeddable":true,"href":"https:\/\/encuentroinformativo.com.mx\/index.php?rest_route=%2Fwp%2Fv2%2Fcategories&post=30555"},{"taxonomy":"post_tag","embeddable":true,"href":"https:\/\/encuentroinformativo.com.mx\/index.php?rest_route=%2Fwp%2Fv2%2Ftags&post=30555"}],"curies":[{"name":"wp","href":"https:\/\/api.w.org\/{rel}","templated":true}]}}