{"id":30561,"date":"2022-08-15T12:55:21","date_gmt":"2022-08-15T17:55:21","guid":{"rendered":"https:\/\/encuentroinformativo.com.mx\/?p=30561"},"modified":"2022-08-15T12:55:25","modified_gmt":"2022-08-15T17:55:25","slug":"uv-region-boca-del-rio-cuenta-con-95-aulas-hibridas","status":"publish","type":"post","link":"https:\/\/encuentroinformativo.com.mx\/?p=30561","title":{"rendered":"UV regi\u00f3n Boca del R\u00edo cuenta con 95 aulas h\u00edbridas"},"content":{"rendered":"\n<p><strong>Alejandro \u00c1vila<\/strong><\/p>\n\n\n\n<p>Boca del R\u00edo, Ver.- La pandemia cambi\u00f3 los conceptos de educaci\u00f3n en el mundo, y a partir de este ciclo escolar en la Universidad Veracruzana regi\u00f3n Veracruz &#8211; Boca del R\u00edo, se contar\u00e1 con 95 aulas de forma h\u00edbrida.<\/p>\n\n\n\n<p>Este lunes fue el inicio del ciclo escolar 2022 &#8211; 2023, d\u00f3nde m\u00e1s de 13 mil estudiantes de nuevo ingreso acudieron a clases de manera presencial.<\/p>\n\n\n\n<p>El vicerrector de la regi\u00f3n Veracruz, Rub\u00e9n Edel Navarro mencion\u00f3 que, en la zona conurbada existen 16 facultades con 36 experiencias educativas; adem\u00e1s, aclar\u00f3 que, desde el mes de febrero las facultades de Administraci\u00f3n y Enfermer\u00eda fueron las primeras en regresar a clases presenciales al cien por ciento.<\/p>\n\n\n\n<p>\u201cLos alumnos se est\u00e1n encontrando con 95 aulas h\u00edbridas que esto es digamos como dejaron su Universidad a como la reciben que es la modalidad que incorporamos en el transcurso de la pandemia y esa modalidad se queda en la universidad, esta posibilidades que tienen los estudiantes de llevar sus experiencias educativas en l\u00ednea, ellos pueden optar de acuerda a la oferta que hay en su facultad\u201d.<\/p>\n\n\n\n<p>&#8220;Justo el d\u00eda de hoy 15 de agosto regresamos al cien por ciento de manera presencial no solamente en la regi\u00f3n Veracruz si no en toda la Universidad Veracruzana, y para la regi\u00f3n 13 mil 291 estudiantes que se est\u00e1n incorporando el d\u00eda de hoy&#8221;, indic\u00f3.<\/p>\n\n\n\n<p>El vicerrector de la UV, explic\u00f3 que ser\u00e1 decisi\u00f3n de los estudiantes la forma es que acudan a clases.<\/p>\n","protected":false},"excerpt":{"rendered":"<p>Alejandro \u00c1vila Boca del R\u00edo, Ver.- La pandemia cambi\u00f3 los conceptos de educaci\u00f3n en el mundo, y a partir de este ciclo escolar en la Universidad Veracruzana regi\u00f3n Veracruz &#8211; Boca del R\u00edo, se contar\u00e1 con 95 aulas de forma h\u00edbrida. Este lunes fue el inicio del ciclo escolar 2022 &#8211; 2023, d\u00f3nde m\u00e1s de [&hellip;]<\/p>\n","protected":false},"author":1,"featured_media":30562,"comment_status":"open","ping_status":"open","sticky":false,"template":"","format":"standard","meta":{"_jetpack_memberships_contains_paid_content":false,"footnotes":""},"categories":[2],"tags":[],"class_list":["post-30561","post","type-post","status-publish","format-standard","has-post-thumbnail","hentry","category-estado"],"jetpack_featured_media_url":"https:\/\/encuentroinformativo.com.mx\/wp-content\/uploads\/2022\/08\/F3786DB4-2155-40A3-9479-23DD1C4ECBC9.jpeg","jetpack_sharing_enabled":true,"jetpack_likes_enabled":true,"amp_enabled":true,"_links":{"self":[{"href":"https:\/\/encuentroinformativo.com.mx\/index.php?rest_route=\/wp\/v2\/posts\/30561","targetHints":{"allow":["GET"]}}],"collection":[{"href":"https:\/\/encuentroinformativo.com.mx\/index.php?rest_route=\/wp\/v2\/posts"}],"about":[{"href":"https:\/\/encuentroinformativo.com.mx\/index.php?rest_route=\/wp\/v2\/types\/post"}],"author":[{"embeddable":true,"href":"https:\/\/encuentroinformativo.com.mx\/index.php?rest_route=\/wp\/v2\/users\/1"}],"replies":[{"embeddable":true,"href":"https:\/\/encuentroinformativo.com.mx\/index.php?rest_route=%2Fwp%2Fv2%2Fcomments&post=30561"}],"version-history":[{"count":1,"href":"https:\/\/encuentroinformativo.com.mx\/index.php?rest_route=\/wp\/v2\/posts\/30561\/revisions"}],"predecessor-version":[{"id":30563,"href":"https:\/\/encuentroinformativo.com.mx\/index.php?rest_route=\/wp\/v2\/posts\/30561\/revisions\/30563"}],"wp:featuredmedia":[{"embeddable":true,"href":"https:\/\/encuentroinformativo.com.mx\/index.php?rest_route=\/wp\/v2\/media\/30562"}],"wp:attachment":[{"href":"https:\/\/encuentroinformativo.com.mx\/index.php?rest_route=%2Fwp%2Fv2%2Fmedia&parent=30561"}],"wp:term":[{"taxonomy":"category","embeddable":true,"href":"https:\/\/encuentroinformativo.com.mx\/index.php?rest_route=%2Fwp%2Fv2%2Fcategories&post=30561"},{"taxonomy":"post_tag","embeddable":true,"href":"https:\/\/encuentroinformativo.com.mx\/index.php?rest_route=%2Fwp%2Fv2%2Ftags&post=30561"}],"curies":[{"name":"wp","href":"https:\/\/api.w.org\/{rel}","templated":true}]}}