{"id":30564,"date":"2022-08-15T13:04:37","date_gmt":"2022-08-15T18:04:37","guid":{"rendered":"https:\/\/encuentroinformativo.com.mx\/?p=30564"},"modified":"2022-08-15T13:04:40","modified_gmt":"2022-08-15T18:04:40","slug":"tendra-veracruz-primer-liga-de-futbol-femenil-federada","status":"publish","type":"post","link":"https:\/\/encuentroinformativo.com.mx\/?p=30564","title":{"rendered":"Tendr\u00e1 Veracruz primer Liga de F\u00fatbol Femenil Federada"},"content":{"rendered":"\n<p><strong>Alejandro \u00c1vila<\/strong><\/p>\n\n\n\n<p>Veracruz, Ver.- El municipio de Veracruz tendr\u00e1 la primer Liga de F\u00fatbol Femenil avalada por la Federaci\u00f3n Mexicana de F\u00fatbol (FMF) y la Asociaci\u00f3n Veracruzana de F\u00fatbol.<\/p>\n\n\n\n<p>Se trata de la Liga de F\u00fatbol Femenil &#8220;Mario Santes&#8221;, misma que se llevar\u00e1 a cabo en la Unidad Deportiva de Flores del Valle; a partir de este lunes las inscripciones estar\u00e1n abiertas en los tel\u00e9fonos 2291 106228, 2292 366394 y 2291 742753, la convocatoria se cerrar\u00e1n el d\u00eda 11 de septiembre.<\/p>\n\n\n\n<p>La intenci\u00f3n es fomentar y aumentar la cantidad de futbolistas mujeres en la entidad veracruzana, pues est\u00e1s tienen que competir en otros estados para lograr un mayor fogueo y posteriormente ingresar a los equipos profesionales o selecciones nacionales.<\/p>\n\n\n\n<p>&#8220;Considero a nivel femenil, el deporte necesita que todas esas ni\u00f1as, que todas esas se\u00f1oritas y que todas esas personas adultas que quieran practicar este bello deporte tengan su espacio, y que tengan la confianza en nosotros que vamos a tratar de hacer lo m\u00e1s posible, lo mejor posible para que esto salga adelante, recordemos que no hay nada claro si no iniciamos las cosas, para poder hacer algo tenemos que intentarlo, hoy estamos intentando los que estamos al frente de esta liga, tenemos la convicci\u00f3n de que vamos a salir adelante en todo&#8221;, dijo Florentino Z\u00e1rate Reyes, presidente de la Liga.<\/p>\n\n\n\n<p>En dicho evento estuvo presente el director de Fomento Deportivo de Veracruz, Jos\u00e9 Antonio Salvatori Arjona, qui\u00e9n refrend\u00f3 el apoyo a la Liga de F\u00fatbol Femenil y agreg\u00f3 que, en caso de crecer c\u00f3mo se espera, habilitar\u00e1n otras Unidades Deportivas en el municipio para que se puedan realizar los partidos.<\/p>\n","protected":false},"excerpt":{"rendered":"<p>Alejandro \u00c1vila Veracruz, Ver.- El municipio de Veracruz tendr\u00e1 la primer Liga de F\u00fatbol Femenil avalada por la Federaci\u00f3n Mexicana de F\u00fatbol (FMF) y la Asociaci\u00f3n Veracruzana de F\u00fatbol. Se trata de la Liga de F\u00fatbol Femenil &#8220;Mario Santes&#8221;, misma que se llevar\u00e1 a cabo en la Unidad Deportiva de Flores del Valle; a partir [&hellip;]<\/p>\n","protected":false},"author":1,"featured_media":30565,"comment_status":"open","ping_status":"open","sticky":false,"template":"","format":"standard","meta":{"_jetpack_memberships_contains_paid_content":false,"footnotes":""},"categories":[2],"tags":[],"class_list":["post-30564","post","type-post","status-publish","format-standard","has-post-thumbnail","hentry","category-estado"],"jetpack_featured_media_url":"https:\/\/encuentroinformativo.com.mx\/wp-content\/uploads\/2022\/08\/AEC05257-5C9E-4BAD-8C35-F4D6FC893E49.jpeg","jetpack_sharing_enabled":true,"jetpack_likes_enabled":true,"amp_enabled":true,"_links":{"self":[{"href":"https:\/\/encuentroinformativo.com.mx\/index.php?rest_route=\/wp\/v2\/posts\/30564","targetHints":{"allow":["GET"]}}],"collection":[{"href":"https:\/\/encuentroinformativo.com.mx\/index.php?rest_route=\/wp\/v2\/posts"}],"about":[{"href":"https:\/\/encuentroinformativo.com.mx\/index.php?rest_route=\/wp\/v2\/types\/post"}],"author":[{"embeddable":true,"href":"https:\/\/encuentroinformativo.com.mx\/index.php?rest_route=\/wp\/v2\/users\/1"}],"replies":[{"embeddable":true,"href":"https:\/\/encuentroinformativo.com.mx\/index.php?rest_route=%2Fwp%2Fv2%2Fcomments&post=30564"}],"version-history":[{"count":1,"href":"https:\/\/encuentroinformativo.com.mx\/index.php?rest_route=\/wp\/v2\/posts\/30564\/revisions"}],"predecessor-version":[{"id":30566,"href":"https:\/\/encuentroinformativo.com.mx\/index.php?rest_route=\/wp\/v2\/posts\/30564\/revisions\/30566"}],"wp:featuredmedia":[{"embeddable":true,"href":"https:\/\/encuentroinformativo.com.mx\/index.php?rest_route=\/wp\/v2\/media\/30565"}],"wp:attachment":[{"href":"https:\/\/encuentroinformativo.com.mx\/index.php?rest_route=%2Fwp%2Fv2%2Fmedia&parent=30564"}],"wp:term":[{"taxonomy":"category","embeddable":true,"href":"https:\/\/encuentroinformativo.com.mx\/index.php?rest_route=%2Fwp%2Fv2%2Fcategories&post=30564"},{"taxonomy":"post_tag","embeddable":true,"href":"https:\/\/encuentroinformativo.com.mx\/index.php?rest_route=%2Fwp%2Fv2%2Ftags&post=30564"}],"curies":[{"name":"wp","href":"https:\/\/api.w.org\/{rel}","templated":true}]}}