{"id":30581,"date":"2022-08-15T14:43:11","date_gmt":"2022-08-15T19:43:11","guid":{"rendered":"https:\/\/encuentroinformativo.com.mx\/?p=30581"},"modified":"2022-08-15T14:43:16","modified_gmt":"2022-08-15T19:43:16","slug":"demanda-setse-pago-de-adeudos-pendientes","status":"publish","type":"post","link":"https:\/\/encuentroinformativo.com.mx\/?p=30581","title":{"rendered":"Demanda SETSE pago de adeudos pendientes"},"content":{"rendered":"\n<p><strong>Juan Arcos<\/strong><\/p>\n\n\n\n<p>Xalapa, Ver.- El gobierno del estado a\u00fan mantiene un adeudo institucional con el Seguro Social de los Trabajadores de la Educaci\u00f3n (SSTEEV), se\u00f1al\u00f3 el secretario general del Sindicato Estatal de Trabajadores al Servicio de la Educaci\u00f3n (SETSE), Genovevo Zapot Zapot.<\/p>\n\n\n\n<p>Esta organizaci\u00f3n sindical conmemor\u00f3, el pasado viernes, el 60 aniversario de su fundaci\u00f3n con un evento en el Estadio Xalape\u00f1o \u201cHeriberto Jara Corona\u201d.<\/p>\n\n\n\n<p>El l\u00edder sindical se\u00f1al\u00f3 que los adeudos fueron heredados en las pasadas administraciones estatales y es necesario que se cubran para que el SSTEEV cumpla sus obligaciones.<\/p>\n\n\n\n<p>Adelant\u00f3 que en septiembre pr\u00f3ximo se pagar\u00e1 el retroactivo de la pensi\u00f3n a los agremiados jubilados y, a partir de enero del siguiente a\u00f1o, a los de educaci\u00f3n b\u00e1sica.<\/p>\n\n\n\n<p>\u201cHist\u00f3ricamente se le recuerde al gobernador del estado porque tuvo con particularidad el fortalecimiento del instituto de pensiones del estado, solucione ya el adeudo institucional con el seguro social de los trabajadores de la educaci\u00f3n del estado de Veracruz\u201d, a\u00f1adi\u00f3.<\/p>\n\n\n\n<p>Record\u00f3 que el Art\u00edculo 3\u00ba de la Constituci\u00f3n garantiza el derecho a la educaci\u00f3n y, por ello, se pide fortalecer las escuelas normales p\u00fablicas estatales y se brinden espacios para la actualizaci\u00f3n y de mejoramiento profesional docente.<\/p>\n\n\n\n<p>En la conmemoraci\u00f3n del 60 aniversario estuvieron presentes el titular de la Secretar\u00eda de Educaci\u00f3n de Veracruz (SEV), Zenyazen Escobar Garc\u00eda, en representaci\u00f3n del gobernador Cuitl\u00e1huac Garc\u00eda Jim\u00e9nez, y otros funcionarios estatales.<\/p>\n","protected":false},"excerpt":{"rendered":"<p>Juan Arcos Xalapa, Ver.- El gobierno del estado a\u00fan mantiene un adeudo institucional con el Seguro Social de los Trabajadores de la Educaci\u00f3n (SSTEEV), se\u00f1al\u00f3 el secretario general del Sindicato Estatal de Trabajadores al Servicio de la Educaci\u00f3n (SETSE), Genovevo Zapot Zapot. Esta organizaci\u00f3n sindical conmemor\u00f3, el pasado viernes, el 60 aniversario de su fundaci\u00f3n [&hellip;]<\/p>\n","protected":false},"author":1,"featured_media":30582,"comment_status":"open","ping_status":"open","sticky":false,"template":"","format":"standard","meta":{"_jetpack_memberships_contains_paid_content":false,"footnotes":""},"categories":[2],"tags":[],"class_list":["post-30581","post","type-post","status-publish","format-standard","has-post-thumbnail","hentry","category-estado"],"jetpack_featured_media_url":"https:\/\/encuentroinformativo.com.mx\/wp-content\/uploads\/2022\/08\/0E938953-D3DE-40C0-A86D-BEE75BDAE05F.jpeg","jetpack_sharing_enabled":true,"jetpack_likes_enabled":true,"amp_enabled":true,"_links":{"self":[{"href":"https:\/\/encuentroinformativo.com.mx\/index.php?rest_route=\/wp\/v2\/posts\/30581","targetHints":{"allow":["GET"]}}],"collection":[{"href":"https:\/\/encuentroinformativo.com.mx\/index.php?rest_route=\/wp\/v2\/posts"}],"about":[{"href":"https:\/\/encuentroinformativo.com.mx\/index.php?rest_route=\/wp\/v2\/types\/post"}],"author":[{"embeddable":true,"href":"https:\/\/encuentroinformativo.com.mx\/index.php?rest_route=\/wp\/v2\/users\/1"}],"replies":[{"embeddable":true,"href":"https:\/\/encuentroinformativo.com.mx\/index.php?rest_route=%2Fwp%2Fv2%2Fcomments&post=30581"}],"version-history":[{"count":1,"href":"https:\/\/encuentroinformativo.com.mx\/index.php?rest_route=\/wp\/v2\/posts\/30581\/revisions"}],"predecessor-version":[{"id":30583,"href":"https:\/\/encuentroinformativo.com.mx\/index.php?rest_route=\/wp\/v2\/posts\/30581\/revisions\/30583"}],"wp:featuredmedia":[{"embeddable":true,"href":"https:\/\/encuentroinformativo.com.mx\/index.php?rest_route=\/wp\/v2\/media\/30582"}],"wp:attachment":[{"href":"https:\/\/encuentroinformativo.com.mx\/index.php?rest_route=%2Fwp%2Fv2%2Fmedia&parent=30581"}],"wp:term":[{"taxonomy":"category","embeddable":true,"href":"https:\/\/encuentroinformativo.com.mx\/index.php?rest_route=%2Fwp%2Fv2%2Fcategories&post=30581"},{"taxonomy":"post_tag","embeddable":true,"href":"https:\/\/encuentroinformativo.com.mx\/index.php?rest_route=%2Fwp%2Fv2%2Ftags&post=30581"}],"curies":[{"name":"wp","href":"https:\/\/api.w.org\/{rel}","templated":true}]}}