{"id":30593,"date":"2022-08-15T17:42:49","date_gmt":"2022-08-15T22:42:49","guid":{"rendered":"https:\/\/encuentroinformativo.com.mx\/?p=30593"},"modified":"2022-08-15T17:42:52","modified_gmt":"2022-08-15T22:42:52","slug":"realiza-alcalde-jm-unanue-segunda-entrega-masiva-de-aparatos-funcionales","status":"publish","type":"post","link":"https:\/\/encuentroinformativo.com.mx\/?p=30593","title":{"rendered":"Realiza Alcalde JM Un\u00e1nue segunda entrega masiva de aparatos funcionales"},"content":{"rendered":"\n<p><strong>*<em>Estos apoyos benefician el entorno de 300 familias boque\u00f1as<\/em>.<\/strong><\/p>\n\n\n\n<p>Boca del R\u00edo, Ver.- En lo que va del a\u00f1o, hemos entregado aparatos funcionales que benefician el entorno de 300 familias boque\u00f1as, inform\u00f3 el Alcalde de Boca del R\u00edo, Juan Manuel Un\u00e1nue Abascal.<\/p>\n\n\n\n<p>Enfatiz\u00f3 que, con la entrega de silla de ruedas, bastones y andaderas, la administraci\u00f3n municipal da respuesta puntual a un sector de la sociedad boque\u00f1a que los requiere, para mejorar su calidad de vida.<\/p>\n\n\n\n<p>\u201cSon acciones que verdaderamente representan un beneficio a quienes los necesitan\u201d, por ello, este programa permanecer\u00e1 a lo largo de los cuatro a\u00f1os del actual gobierno.<\/p>\n\n\n\n<p>El Presidente Municipal se\u00f1al\u00f3, que su administraci\u00f3n est\u00e1 poniendo atenci\u00f3n a todas las familias, independientemente de donde vivan, mejorando la calidad de vida de todos los ciudadanos, a trav\u00e9s de diferentes programas espec\u00edficos.<\/p>\n\n\n\n<p>Dijo Un\u00e1nue Abascal, que, para realizar la entrega de los aparatos, previamente se recaban las solicitudes que llegan directamente al DIF Municipal o al Ayuntamiento, as\u00ed como en la redes sociales oficiales.<\/p>\n\n\n\n<p>\u201cHay algo muy importante, cuando son muy urgentes, cuando hay alg\u00fan accidentado que necesita alg\u00fan aparato de estos, o cuando hay alguna persona que realmente necesita de un d\u00eda para otro o el mismo d\u00eda, la silla, el bast\u00f3n o la andadera, la entregamos de inmediato\u201d.<\/p>\n\n\n\n<p>El Alcalde boque\u00f1o, destac\u00f3 que en tan solo ocho meses de su gobierno, ya se han realizado dos entrega masivas de aparatos funcionales, pues lo que se busca, es que los beneficiados puedan lograr su integraci\u00f3n social.<\/p>\n\n\n\n<p>\u201cTodos los d\u00edas estamos atendiendo a los ciudadanos y estamos detectado las diferentes necesidades que tienen en todas las zonas de la ciudad de Boca del R\u00edo\u201d, recalc\u00f3 Juan Manuel Un\u00e1nue Abascal.<\/p>\n\n\n\n<p>Por su parte, Melina Rivera de Un\u00e1nue, Presidenta del DIF Municipal de Boca del R\u00edo, subray\u00f3 que tanto al Ejecutivo Municipal, como a ella, esta segunda entrega les resulta muy satisfactoria.<\/p>\n\n\n\n<p>\u201cNos llena de alegr\u00eda, de satisfacci\u00f3n, por que sabemos realmente el cambio, no solo para ustedes que necesitan una silla de ruedas, unas muletas o un bast\u00f3n, el cambio es tambi\u00e9n muy grande para sus familias, para quienes los apoyan, para quienes est\u00e1n con ustedes\u201d.<\/p>\n\n\n\n<p>Por \u00faltimo, el edil ponder\u00f3 que, \u201calcanzar la inclusi\u00f3n total en los \u00e1mbitos sociales y econ\u00f3micos, es una tarea permanente de nuestro gobierno\u201d.<\/p>\n\n\n\n<p>\u201cEn Boca del R\u00edo, continuaremos con acciones puntales para alcanzar este objetivo, solo as\u00ed, nos consolidaremos como lo mejor de Veracruz\u201d, exalt\u00f3 Juan Manuel Un\u00e1nue Abascal.<\/p>\n\n\n\n<figure class=\"wp-block-image size-large\"><img loading=\"lazy\" decoding=\"async\" width=\"1024\" height=\"683\" src=\"https:\/\/encuentroinformativo.com.mx\/wp-content\/uploads\/2022\/08\/19FD2BB2-309F-4970-A610-948428916C1D.jpeg\" alt=\"\" class=\"wp-image-30595\" srcset=\"https:\/\/encuentroinformativo.com.mx\/wp-content\/uploads\/2022\/08\/19FD2BB2-309F-4970-A610-948428916C1D.jpeg 1024w, https:\/\/encuentroinformativo.com.mx\/wp-content\/uploads\/2022\/08\/19FD2BB2-309F-4970-A610-948428916C1D-300x200.jpeg 300w, https:\/\/encuentroinformativo.com.mx\/wp-content\/uploads\/2022\/08\/19FD2BB2-309F-4970-A610-948428916C1D-768x512.jpeg 768w\" sizes=\"auto, (max-width: 1024px) 100vw, 1024px\" \/><\/figure>\n","protected":false},"excerpt":{"rendered":"<p>*Estos apoyos benefician el entorno de 300 familias boque\u00f1as. Boca del R\u00edo, Ver.- En lo que va del a\u00f1o, hemos entregado aparatos funcionales que benefician el entorno de 300 familias boque\u00f1as, inform\u00f3 el Alcalde de Boca del R\u00edo, Juan Manuel Un\u00e1nue Abascal. Enfatiz\u00f3 que, con la entrega de silla de ruedas, bastones y andaderas, la [&hellip;]<\/p>\n","protected":false},"author":1,"featured_media":30594,"comment_status":"open","ping_status":"open","sticky":false,"template":"","format":"standard","meta":{"_jetpack_memberships_contains_paid_content":false,"footnotes":""},"categories":[2],"tags":[],"class_list":["post-30593","post","type-post","status-publish","format-standard","has-post-thumbnail","hentry","category-estado"],"jetpack_featured_media_url":"https:\/\/encuentroinformativo.com.mx\/wp-content\/uploads\/2022\/08\/93F0B8DA-B73B-48F7-B146-33C91BBBF52F.jpeg","jetpack_sharing_enabled":true,"jetpack_likes_enabled":true,"amp_enabled":true,"_links":{"self":[{"href":"https:\/\/encuentroinformativo.com.mx\/index.php?rest_route=\/wp\/v2\/posts\/30593","targetHints":{"allow":["GET"]}}],"collection":[{"href":"https:\/\/encuentroinformativo.com.mx\/index.php?rest_route=\/wp\/v2\/posts"}],"about":[{"href":"https:\/\/encuentroinformativo.com.mx\/index.php?rest_route=\/wp\/v2\/types\/post"}],"author":[{"embeddable":true,"href":"https:\/\/encuentroinformativo.com.mx\/index.php?rest_route=\/wp\/v2\/users\/1"}],"replies":[{"embeddable":true,"href":"https:\/\/encuentroinformativo.com.mx\/index.php?rest_route=%2Fwp%2Fv2%2Fcomments&post=30593"}],"version-history":[{"count":1,"href":"https:\/\/encuentroinformativo.com.mx\/index.php?rest_route=\/wp\/v2\/posts\/30593\/revisions"}],"predecessor-version":[{"id":30596,"href":"https:\/\/encuentroinformativo.com.mx\/index.php?rest_route=\/wp\/v2\/posts\/30593\/revisions\/30596"}],"wp:featuredmedia":[{"embeddable":true,"href":"https:\/\/encuentroinformativo.com.mx\/index.php?rest_route=\/wp\/v2\/media\/30594"}],"wp:attachment":[{"href":"https:\/\/encuentroinformativo.com.mx\/index.php?rest_route=%2Fwp%2Fv2%2Fmedia&parent=30593"}],"wp:term":[{"taxonomy":"category","embeddable":true,"href":"https:\/\/encuentroinformativo.com.mx\/index.php?rest_route=%2Fwp%2Fv2%2Fcategories&post=30593"},{"taxonomy":"post_tag","embeddable":true,"href":"https:\/\/encuentroinformativo.com.mx\/index.php?rest_route=%2Fwp%2Fv2%2Ftags&post=30593"}],"curies":[{"name":"wp","href":"https:\/\/api.w.org\/{rel}","templated":true}]}}