{"id":3060,"date":"2020-06-03T16:41:01","date_gmt":"2020-06-03T21:41:01","guid":{"rendered":"https:\/\/encuentroinformativo.com\/?p=3060"},"modified":"2020-06-03T16:41:03","modified_gmt":"2020-06-03T21:41:03","slug":"solicita-ceapp-incluir-a-reporteros-en-programas-sociales","status":"publish","type":"post","link":"https:\/\/encuentroinformativo.com.mx\/?p=3060","title":{"rendered":"Solicita CEAPP incluir a reporteros en programas sociales"},"content":{"rendered":"\n<p><strong>Juan Arcos <\/strong><\/p>\n\n\n\n<p>Xalapa, Ver.- Algunos reporteros de Veracruz han padecido recortes salariales durante la pandemia del Covid-19.<\/p>\n\n\n\n<p>As\u00ed lo dio a conocer la presidenta de la Comisi\u00f3n Estatal de Atenci\u00f3n y Protecci\u00f3n a Periodistas (Ceapp), Ana Laura P\u00e9rez Mendoza, quien a\u00f1adi\u00f3 que los comunicadores tambi\u00e9n han sufrido el retraso en pagos o, incluso, no les depositaron.<\/p>\n\n\n\n<p>Sin embargo, detall\u00f3 que hasta el momento ning\u00fan caso ha sido presentado en la Secretar\u00eda del Trabajo, Previsi\u00f3n Social y Productividad (Stpsp).<\/p>\n\n\n\n<p>La entrevistada neg\u00f3 que durante la contingencia sanitaria se hayan reportado el despido de personal en medios de comunicaci\u00f3n.<\/p>\n\n\n\n<p>No obstante, han sido varios los trabajadores afectados por la disminuci\u00f3n de sus percepciones.<\/p>\n\n\n\n<p>P\u00e9rez Mendoza indic\u00f3 que los reporteros evitan proceder en la STPSyP por temor a perder su empleo.<\/p>\n\n\n\n<p>Reconoci\u00f3 que las empresas de comunicaci\u00f3n tambi\u00e9n se han visto afectadas econ\u00f3micamente por la pandemia y, por ello, se ha solicitado un apoyo al gobernador Cuitl\u00e1huac Garc\u00eda Jim\u00e9nez, tambi\u00e9n para este sector.<\/p>\n\n\n\n<p>\u201cSolicitamos al gobierno del estado y al gobierno de la rep\u00fablica que abriera estos programas de apoyo social para los compa\u00f1eros reporteros porque no est\u00e1n contemplados directamente, cuando no est\u00e1n contemplados directamente y son trabajadores esenciales\u201d.<\/p>\n\n\n\n<p>Sin embargo, la Presidenta de la Ceapp enfatiz\u00f3 que hasta el momento no ha recibido una respuesta favorable.<\/p>\n\n\n\n<p><\/p>\n","protected":false},"excerpt":{"rendered":"<p>Juan Arcos Xalapa, Ver.- Algunos reporteros de Veracruz han padecido recortes salariales durante la pandemia del Covid-19. As\u00ed lo dio a conocer la presidenta de la Comisi\u00f3n Estatal de Atenci\u00f3n y Protecci\u00f3n a Periodistas (Ceapp), Ana Laura P\u00e9rez Mendoza, quien a\u00f1adi\u00f3 que los comunicadores tambi\u00e9n han sufrido el retraso en pagos o, incluso, no les [&hellip;]<\/p>\n","protected":false},"author":1,"featured_media":3061,"comment_status":"open","ping_status":"open","sticky":false,"template":"","format":"standard","meta":{"_jetpack_memberships_contains_paid_content":false,"footnotes":""},"categories":[2],"tags":[],"class_list":["post-3060","post","type-post","status-publish","format-standard","has-post-thumbnail","hentry","category-estado"],"jetpack_featured_media_url":"https:\/\/encuentroinformativo.com.mx\/wp-content\/uploads\/2020\/06\/F341EE3A-C92A-4754-B5C7-CF812E6A6433.jpeg","jetpack_sharing_enabled":true,"jetpack_likes_enabled":true,"amp_enabled":true,"_links":{"self":[{"href":"https:\/\/encuentroinformativo.com.mx\/index.php?rest_route=\/wp\/v2\/posts\/3060","targetHints":{"allow":["GET"]}}],"collection":[{"href":"https:\/\/encuentroinformativo.com.mx\/index.php?rest_route=\/wp\/v2\/posts"}],"about":[{"href":"https:\/\/encuentroinformativo.com.mx\/index.php?rest_route=\/wp\/v2\/types\/post"}],"author":[{"embeddable":true,"href":"https:\/\/encuentroinformativo.com.mx\/index.php?rest_route=\/wp\/v2\/users\/1"}],"replies":[{"embeddable":true,"href":"https:\/\/encuentroinformativo.com.mx\/index.php?rest_route=%2Fwp%2Fv2%2Fcomments&post=3060"}],"version-history":[{"count":1,"href":"https:\/\/encuentroinformativo.com.mx\/index.php?rest_route=\/wp\/v2\/posts\/3060\/revisions"}],"predecessor-version":[{"id":3062,"href":"https:\/\/encuentroinformativo.com.mx\/index.php?rest_route=\/wp\/v2\/posts\/3060\/revisions\/3062"}],"wp:featuredmedia":[{"embeddable":true,"href":"https:\/\/encuentroinformativo.com.mx\/index.php?rest_route=\/wp\/v2\/media\/3061"}],"wp:attachment":[{"href":"https:\/\/encuentroinformativo.com.mx\/index.php?rest_route=%2Fwp%2Fv2%2Fmedia&parent=3060"}],"wp:term":[{"taxonomy":"category","embeddable":true,"href":"https:\/\/encuentroinformativo.com.mx\/index.php?rest_route=%2Fwp%2Fv2%2Fcategories&post=3060"},{"taxonomy":"post_tag","embeddable":true,"href":"https:\/\/encuentroinformativo.com.mx\/index.php?rest_route=%2Fwp%2Fv2%2Ftags&post=3060"}],"curies":[{"name":"wp","href":"https:\/\/api.w.org\/{rel}","templated":true}]}}