{"id":30600,"date":"2022-08-16T09:55:04","date_gmt":"2022-08-16T14:55:04","guid":{"rendered":"https:\/\/encuentroinformativo.com.mx\/?p=30600"},"modified":"2022-08-16T09:55:07","modified_gmt":"2022-08-16T14:55:07","slug":"confirma-manuel-huerta-rehabilitacion-de-auditorio-benito-juarez","status":"publish","type":"post","link":"https:\/\/encuentroinformativo.com.mx\/?p=30600","title":{"rendered":"Confirma Manuel Huerta rehabilitaci\u00f3n de auditorio &#8220;Benito Ju\u00e1rez&#8221;"},"content":{"rendered":"\n<p><strong>Alejandro \u00c1vila<\/strong><\/p>\n\n\n\n<p>Veracruz, Ver.- El delegado Federal, Manuel Huerta Ladr\u00f3n de Guevara, confirm\u00f3 tener conocimiento de la pr\u00f3xima rehabilitaci\u00f3n que se le har\u00e1 al auditorio &#8220;Benito Ju\u00e1rez&#8221; del Puerto de Veracruz.<\/p>\n\n\n\n<p>Huerta Ladr\u00f3n de Guevara reconoci\u00f3 que el recinto se encuentra en malas condiciones, producto de su descuido durante varios a\u00f1os, y se dijo contento de que finalmente pueda ser rehabilitado.<\/p>\n\n\n\n<p>El funcionario federal dijo que, si bien desconocen la fecha exacta del inicio de las obras, conf\u00eda en la palabra del secretario de Finanzas y Planeaci\u00f3n, Jos\u00e9 Luis Lima Franco, qui\u00e9n asegur\u00f3 qu\u00e9 el proyecto estar\u00eda terminado antes de terminar el presente a\u00f1o.<\/p>\n\n\n\n<p>&#8220;Yo creo que \u00e9l tiene una palabra y la debe de cumplir, \u00e9l es una persona que, esperemos de la muestra de c\u00f3mo se cumplen los compromisos&#8221;, subray\u00f3.<\/p>\n\n\n\n<p>Manuel Huerta record\u00f3 que, muchas actividades de la delegaci\u00f3n a su cargo se realizan en el auditorio &#8220;Benito Ju\u00e1rez&#8221;, incluso hay existe una oficina de Bienestar; sin embargo, descart\u00f3 que vayan a tener que cambiar de sede cu\u00e1ndo inician las obras de remodelaci\u00f3n.<\/p>\n\n\n\n<p>Al mismo tiempo, puntualiz\u00f3 que, en breve iniciar\u00e1n los trabajos de construcci\u00f3n del Banco Bienestar que se ubicar\u00e1 dentro del per\u00edmetro del auditorio &#8220;Benito Ju\u00e1rez&#8221;, y del cual para su construcci\u00f3n, estar\u00e1 encargada la Secretar\u00eda de la Defensa Nacional (SEDENA).<\/p>\n\n\n\n<p>En la \u00faltima semana ha trascendido que uno de los motivos de la rehabilitaci\u00f3n del auditorio &#8220;Benito Ju\u00e1rez&#8221;, es el regreso los Halcones Rojos de Veracruz a la Liga Nacional de Baloncesto Profesional (LNBP).<\/p>\n","protected":false},"excerpt":{"rendered":"<p>Alejandro \u00c1vila Veracruz, Ver.- El delegado Federal, Manuel Huerta Ladr\u00f3n de Guevara, confirm\u00f3 tener conocimiento de la pr\u00f3xima rehabilitaci\u00f3n que se le har\u00e1 al auditorio &#8220;Benito Ju\u00e1rez&#8221; del Puerto de Veracruz. Huerta Ladr\u00f3n de Guevara reconoci\u00f3 que el recinto se encuentra en malas condiciones, producto de su descuido durante varios a\u00f1os, y se dijo contento [&hellip;]<\/p>\n","protected":false},"author":1,"featured_media":30601,"comment_status":"open","ping_status":"open","sticky":false,"template":"","format":"standard","meta":{"_jetpack_memberships_contains_paid_content":false,"footnotes":""},"categories":[2],"tags":[],"class_list":["post-30600","post","type-post","status-publish","format-standard","has-post-thumbnail","hentry","category-estado"],"jetpack_featured_media_url":"https:\/\/encuentroinformativo.com.mx\/wp-content\/uploads\/2022\/08\/F3EEFA6C-BFE8-4F47-9AA4-93CBACDFF49C.jpeg","jetpack_sharing_enabled":true,"jetpack_likes_enabled":true,"amp_enabled":true,"_links":{"self":[{"href":"https:\/\/encuentroinformativo.com.mx\/index.php?rest_route=\/wp\/v2\/posts\/30600","targetHints":{"allow":["GET"]}}],"collection":[{"href":"https:\/\/encuentroinformativo.com.mx\/index.php?rest_route=\/wp\/v2\/posts"}],"about":[{"href":"https:\/\/encuentroinformativo.com.mx\/index.php?rest_route=\/wp\/v2\/types\/post"}],"author":[{"embeddable":true,"href":"https:\/\/encuentroinformativo.com.mx\/index.php?rest_route=\/wp\/v2\/users\/1"}],"replies":[{"embeddable":true,"href":"https:\/\/encuentroinformativo.com.mx\/index.php?rest_route=%2Fwp%2Fv2%2Fcomments&post=30600"}],"version-history":[{"count":1,"href":"https:\/\/encuentroinformativo.com.mx\/index.php?rest_route=\/wp\/v2\/posts\/30600\/revisions"}],"predecessor-version":[{"id":30602,"href":"https:\/\/encuentroinformativo.com.mx\/index.php?rest_route=\/wp\/v2\/posts\/30600\/revisions\/30602"}],"wp:featuredmedia":[{"embeddable":true,"href":"https:\/\/encuentroinformativo.com.mx\/index.php?rest_route=\/wp\/v2\/media\/30601"}],"wp:attachment":[{"href":"https:\/\/encuentroinformativo.com.mx\/index.php?rest_route=%2Fwp%2Fv2%2Fmedia&parent=30600"}],"wp:term":[{"taxonomy":"category","embeddable":true,"href":"https:\/\/encuentroinformativo.com.mx\/index.php?rest_route=%2Fwp%2Fv2%2Fcategories&post=30600"},{"taxonomy":"post_tag","embeddable":true,"href":"https:\/\/encuentroinformativo.com.mx\/index.php?rest_route=%2Fwp%2Fv2%2Ftags&post=30600"}],"curies":[{"name":"wp","href":"https:\/\/api.w.org\/{rel}","templated":true}]}}