{"id":30603,"date":"2022-08-16T10:28:18","date_gmt":"2022-08-16T15:28:18","guid":{"rendered":"https:\/\/encuentroinformativo.com.mx\/?p=30603"},"modified":"2022-08-16T10:28:21","modified_gmt":"2022-08-16T15:28:21","slug":"detienen-a-elemento-de-seguridad-privada-del-imss-cuando-golpeaba-a-su-mujer","status":"publish","type":"post","link":"https:\/\/encuentroinformativo.com.mx\/?p=30603","title":{"rendered":"Detienen a elemento de seguridad privada del IMSS cuando golpeaba a su mujer"},"content":{"rendered":"\n<p><strong>Alejandro \u00c1vila<\/strong><\/p>\n\n\n\n<p>Veracruz, Ver.- Un elemento de seguridad privada que labora en la cl\u00ednica 71 del IMSS de Veracruz, ubicada en avenida Salvador D\u00edaz Mir\u00f3n, fue detenido en flagrancia por elementos de la Polic\u00eda Ministerial cu\u00e1ndo agred\u00eda a su mujer.<\/p>\n\n\n\n<p>El sujeto fue identificado como Juan Carlos R.R. a qui\u00e9n se le podr\u00edan fincar los presuntos delitos de violencia de g\u00e9nero, violencia familiar y robo.<\/p>\n\n\n\n<p>Los hechos ocurrieron la tarde de este lunes cu\u00e1ndo elementos de la Polic\u00eda Ministerial pasaban por la cl\u00ednica 71 del IMSS sobre la calle Paseo Los Cedros en fraccionamiento Floresta, cu\u00e1ndo lograron observar en la entrada del nosocomio que un sujeto agred\u00eda a una mujer.<\/p>\n\n\n\n<p>Los Ministeriales bajaron de su unidad para detener la agresi\u00f3n. La mujer se identific\u00f3 como esposa del agresor y dijo que este le hab\u00eda robado su celular, el cual encontraron entre la ropa del ahora detenido.<\/p>\n\n\n\n<p>Por lo que ante la denuncia y la flagrancia de los hechos, el sujeto responsable fue puesto a disposici\u00f3n de la Fiscal\u00eda Especializada, para la responsabilidad que le resulte.<\/p>\n","protected":false},"excerpt":{"rendered":"<p>Alejandro \u00c1vila Veracruz, Ver.- Un elemento de seguridad privada que labora en la cl\u00ednica 71 del IMSS de Veracruz, ubicada en avenida Salvador D\u00edaz Mir\u00f3n, fue detenido en flagrancia por elementos de la Polic\u00eda Ministerial cu\u00e1ndo agred\u00eda a su mujer. El sujeto fue identificado como Juan Carlos R.R. a qui\u00e9n se le podr\u00edan fincar los [&hellip;]<\/p>\n","protected":false},"author":1,"featured_media":30604,"comment_status":"open","ping_status":"open","sticky":false,"template":"","format":"standard","meta":{"_jetpack_memberships_contains_paid_content":false,"footnotes":""},"categories":[14],"tags":[],"class_list":["post-30603","post","type-post","status-publish","format-standard","has-post-thumbnail","hentry","category-policiaca"],"jetpack_featured_media_url":"https:\/\/encuentroinformativo.com.mx\/wp-content\/uploads\/2022\/08\/516DA467-90C7-439B-90EF-BE48DCDD3ED5.jpeg","jetpack_sharing_enabled":true,"jetpack_likes_enabled":true,"amp_enabled":true,"_links":{"self":[{"href":"https:\/\/encuentroinformativo.com.mx\/index.php?rest_route=\/wp\/v2\/posts\/30603","targetHints":{"allow":["GET"]}}],"collection":[{"href":"https:\/\/encuentroinformativo.com.mx\/index.php?rest_route=\/wp\/v2\/posts"}],"about":[{"href":"https:\/\/encuentroinformativo.com.mx\/index.php?rest_route=\/wp\/v2\/types\/post"}],"author":[{"embeddable":true,"href":"https:\/\/encuentroinformativo.com.mx\/index.php?rest_route=\/wp\/v2\/users\/1"}],"replies":[{"embeddable":true,"href":"https:\/\/encuentroinformativo.com.mx\/index.php?rest_route=%2Fwp%2Fv2%2Fcomments&post=30603"}],"version-history":[{"count":1,"href":"https:\/\/encuentroinformativo.com.mx\/index.php?rest_route=\/wp\/v2\/posts\/30603\/revisions"}],"predecessor-version":[{"id":30605,"href":"https:\/\/encuentroinformativo.com.mx\/index.php?rest_route=\/wp\/v2\/posts\/30603\/revisions\/30605"}],"wp:featuredmedia":[{"embeddable":true,"href":"https:\/\/encuentroinformativo.com.mx\/index.php?rest_route=\/wp\/v2\/media\/30604"}],"wp:attachment":[{"href":"https:\/\/encuentroinformativo.com.mx\/index.php?rest_route=%2Fwp%2Fv2%2Fmedia&parent=30603"}],"wp:term":[{"taxonomy":"category","embeddable":true,"href":"https:\/\/encuentroinformativo.com.mx\/index.php?rest_route=%2Fwp%2Fv2%2Fcategories&post=30603"},{"taxonomy":"post_tag","embeddable":true,"href":"https:\/\/encuentroinformativo.com.mx\/index.php?rest_route=%2Fwp%2Fv2%2Ftags&post=30603"}],"curies":[{"name":"wp","href":"https:\/\/api.w.org\/{rel}","templated":true}]}}