{"id":30606,"date":"2022-08-16T12:24:58","date_gmt":"2022-08-16T17:24:58","guid":{"rendered":"https:\/\/encuentroinformativo.com.mx\/?p=30606"},"modified":"2022-08-16T12:25:02","modified_gmt":"2022-08-16T17:25:02","slug":"reclaman-antorchistas-regularizacion-de-lotes","status":"publish","type":"post","link":"https:\/\/encuentroinformativo.com.mx\/?p=30606","title":{"rendered":"Reclaman antorchistas regularizaci\u00f3n de lotes"},"content":{"rendered":"\n<p><strong>Dar\u00edo Pale<\/strong><\/p>\n\n\n\n<p>Xalapa, Ver.- Integrantes de Antorcha Campesina se manifestaron en las oficinas de Patrimonio del Estado ya que acusaron que los tr\u00e1mites para regularizar lotes no avanzan, son de los municipios de Xalapa y de San Rafael.<\/p>\n\n\n\n<p>Miguel Bastian Sierra y Raquel Alejo Garc\u00eda, l\u00edderes de los antorchistas de San Rafael y Xalapa, comentaron que realizan la protesta frente a las oficinas de Patrimonio del Estado, por la nula atenci\u00f3n en la regularizaci\u00f3n de lotes pertenecientes a las colonias, comenzaron los tr\u00e1mites de regularizaci\u00f3n de sus lotes desde el 2014 sin que a la fecha haya avances en el proceso.<\/p>\n\n\n\n<p>Criticaron que desde de que entr\u00f3 el Gobierno morenista que encabeza Cuitl\u00e1huac Garc\u00eda Jim\u00e9nez no ha avanzado el proceso de regularizaci\u00f3n.<\/p>\n\n\n\n<p>Dieron a conocer que los oficios los entregaron desde el 2014, sin embargo no tienen avances, dijeron que el Subdirector de la Tenencia de la Tierra, Victor Castro Pola, &#8220;se mantiene en una actitud de prepotencia&#8221;.<\/p>\n\n\n\n<p>Raquel Alejo Garc\u00eda, dijo, &#8220;desde la administraci\u00f3n morenista de Cuitl\u00e1huac Garc\u00eda Jim\u00e9nez, los avances dieron un alto total, no han avances en las certezas jur\u00eddicas&#8221;.<\/p>\n\n\n\n<p>Finamente comentaron que, &#8220;pedimos que se tomen cartas en el asunto, de lo contrario nos veremos obligados \u00a0a hacer efectivo nuestro derecho de libre manifestaci\u00f3n&#8221;.<\/p>\n","protected":false},"excerpt":{"rendered":"<p>Dar\u00edo Pale Xalapa, Ver.- Integrantes de Antorcha Campesina se manifestaron en las oficinas de Patrimonio del Estado ya que acusaron que los tr\u00e1mites para regularizar lotes no avanzan, son de los municipios de Xalapa y de San Rafael. Miguel Bastian Sierra y Raquel Alejo Garc\u00eda, l\u00edderes de los antorchistas de San Rafael y Xalapa, comentaron [&hellip;]<\/p>\n","protected":false},"author":1,"featured_media":30607,"comment_status":"open","ping_status":"open","sticky":false,"template":"","format":"standard","meta":{"_jetpack_memberships_contains_paid_content":false,"footnotes":""},"categories":[3],"tags":[],"class_list":["post-30606","post","type-post","status-publish","format-standard","has-post-thumbnail","hentry","category-xalapa"],"jetpack_featured_media_url":"https:\/\/encuentroinformativo.com.mx\/wp-content\/uploads\/2022\/08\/B2AAA085-5BDF-4964-ACB5-500B20BC4EDA.jpeg","jetpack_sharing_enabled":true,"jetpack_likes_enabled":true,"amp_enabled":true,"_links":{"self":[{"href":"https:\/\/encuentroinformativo.com.mx\/index.php?rest_route=\/wp\/v2\/posts\/30606","targetHints":{"allow":["GET"]}}],"collection":[{"href":"https:\/\/encuentroinformativo.com.mx\/index.php?rest_route=\/wp\/v2\/posts"}],"about":[{"href":"https:\/\/encuentroinformativo.com.mx\/index.php?rest_route=\/wp\/v2\/types\/post"}],"author":[{"embeddable":true,"href":"https:\/\/encuentroinformativo.com.mx\/index.php?rest_route=\/wp\/v2\/users\/1"}],"replies":[{"embeddable":true,"href":"https:\/\/encuentroinformativo.com.mx\/index.php?rest_route=%2Fwp%2Fv2%2Fcomments&post=30606"}],"version-history":[{"count":1,"href":"https:\/\/encuentroinformativo.com.mx\/index.php?rest_route=\/wp\/v2\/posts\/30606\/revisions"}],"predecessor-version":[{"id":30608,"href":"https:\/\/encuentroinformativo.com.mx\/index.php?rest_route=\/wp\/v2\/posts\/30606\/revisions\/30608"}],"wp:featuredmedia":[{"embeddable":true,"href":"https:\/\/encuentroinformativo.com.mx\/index.php?rest_route=\/wp\/v2\/media\/30607"}],"wp:attachment":[{"href":"https:\/\/encuentroinformativo.com.mx\/index.php?rest_route=%2Fwp%2Fv2%2Fmedia&parent=30606"}],"wp:term":[{"taxonomy":"category","embeddable":true,"href":"https:\/\/encuentroinformativo.com.mx\/index.php?rest_route=%2Fwp%2Fv2%2Fcategories&post=30606"},{"taxonomy":"post_tag","embeddable":true,"href":"https:\/\/encuentroinformativo.com.mx\/index.php?rest_route=%2Fwp%2Fv2%2Ftags&post=30606"}],"curies":[{"name":"wp","href":"https:\/\/api.w.org\/{rel}","templated":true}]}}