{"id":30609,"date":"2022-08-16T12:26:48","date_gmt":"2022-08-16T17:26:48","guid":{"rendered":"https:\/\/encuentroinformativo.com.mx\/?p=30609"},"modified":"2022-08-16T12:26:51","modified_gmt":"2022-08-16T17:26:51","slug":"cambian-presidente-del-club-de-yates-de-veracruz","status":"publish","type":"post","link":"https:\/\/encuentroinformativo.com.mx\/?p=30609","title":{"rendered":"Cambian presidente del Club de Yates de Veracruz"},"content":{"rendered":"\n<p><strong>Alejandro \u00c1vila<\/strong><\/p>\n\n\n\n<p>Veracruz, Ver.- Este martes se confirm\u00f3 el cambio de presidente del Club de Yates de Veracruz, Gregorio Chedraui Bolado ser\u00e1 quien sustituya a Ricardo Diez Deschamps.<\/p>\n\n\n\n<p>En rueda de prensa ofrecida en la Marina Veramar se inform\u00f3 que, tras una asamblea de socios, se decidi\u00f3 de com\u00fan acuerdo, el cambio en la presidencia del Club de Yates de Veracruz.<\/p>\n\n\n\n<p>En su despedida, Diez Deschamps dijo que su ciclo en el Club de Yates ya hab\u00eda terminado, por ende, se decidi\u00f3 ceder la presidencia a otro gran impulsor de la pesca en Veracruz.<\/p>\n\n\n\n<p>&#8220;Yo quiero reconocer el trabajo que hizo Ricardo, porque cuando le entregaron el Club de Yates, se lo entregaron moribundo, no voy a decir saqueado, pero estaba en muy malas condiciones, con malas condiciones econ\u00f3micamente, las instalaciones antiguas del Club de Yates estaban deplorables, se estaba cayendo, hab\u00eda una exigencia de parte de la API de desalojar esas instalaciones, entonces, pues la verdad le entregaron a Ricardo una papa caliente. Sin dinero, con problemas fiscales, con problemas legales, y pues casi casi por un desalojo inminente&#8221;, dijo Gregorio Chedraui.<\/p>\n\n\n\n<p>Finalmente, &#8220;Goyo&#8221; Chedraui dijo que, a pesar de que hubo mucha gente que apost\u00f3 por que desaparece la pesca deportiva en Veracruz, fue Ricardo Diez qui\u00e9n logr\u00f3 con su constancia, qu\u00e9 el Club de Yates subsistiera.<\/p>\n","protected":false},"excerpt":{"rendered":"<p>Alejandro \u00c1vila Veracruz, Ver.- Este martes se confirm\u00f3 el cambio de presidente del Club de Yates de Veracruz, Gregorio Chedraui Bolado ser\u00e1 quien sustituya a Ricardo Diez Deschamps. En rueda de prensa ofrecida en la Marina Veramar se inform\u00f3 que, tras una asamblea de socios, se decidi\u00f3 de com\u00fan acuerdo, el cambio en la presidencia [&hellip;]<\/p>\n","protected":false},"author":1,"featured_media":30610,"comment_status":"open","ping_status":"open","sticky":false,"template":"","format":"standard","meta":{"_jetpack_memberships_contains_paid_content":false,"footnotes":""},"categories":[2],"tags":[],"class_list":["post-30609","post","type-post","status-publish","format-standard","has-post-thumbnail","hentry","category-estado"],"jetpack_featured_media_url":"https:\/\/encuentroinformativo.com.mx\/wp-content\/uploads\/2022\/08\/3EEF7DDE-B5AD-45CC-95CA-DF3DF7211ACA.jpeg","jetpack_sharing_enabled":true,"jetpack_likes_enabled":true,"amp_enabled":true,"_links":{"self":[{"href":"https:\/\/encuentroinformativo.com.mx\/index.php?rest_route=\/wp\/v2\/posts\/30609","targetHints":{"allow":["GET"]}}],"collection":[{"href":"https:\/\/encuentroinformativo.com.mx\/index.php?rest_route=\/wp\/v2\/posts"}],"about":[{"href":"https:\/\/encuentroinformativo.com.mx\/index.php?rest_route=\/wp\/v2\/types\/post"}],"author":[{"embeddable":true,"href":"https:\/\/encuentroinformativo.com.mx\/index.php?rest_route=\/wp\/v2\/users\/1"}],"replies":[{"embeddable":true,"href":"https:\/\/encuentroinformativo.com.mx\/index.php?rest_route=%2Fwp%2Fv2%2Fcomments&post=30609"}],"version-history":[{"count":1,"href":"https:\/\/encuentroinformativo.com.mx\/index.php?rest_route=\/wp\/v2\/posts\/30609\/revisions"}],"predecessor-version":[{"id":30611,"href":"https:\/\/encuentroinformativo.com.mx\/index.php?rest_route=\/wp\/v2\/posts\/30609\/revisions\/30611"}],"wp:featuredmedia":[{"embeddable":true,"href":"https:\/\/encuentroinformativo.com.mx\/index.php?rest_route=\/wp\/v2\/media\/30610"}],"wp:attachment":[{"href":"https:\/\/encuentroinformativo.com.mx\/index.php?rest_route=%2Fwp%2Fv2%2Fmedia&parent=30609"}],"wp:term":[{"taxonomy":"category","embeddable":true,"href":"https:\/\/encuentroinformativo.com.mx\/index.php?rest_route=%2Fwp%2Fv2%2Fcategories&post=30609"},{"taxonomy":"post_tag","embeddable":true,"href":"https:\/\/encuentroinformativo.com.mx\/index.php?rest_route=%2Fwp%2Fv2%2Ftags&post=30609"}],"curies":[{"name":"wp","href":"https:\/\/api.w.org\/{rel}","templated":true}]}}